{"id":86207,"date":"2025-06-24T09:15:34","date_gmt":"2025-06-24T13:15:34","guid":{"rendered":"https:\/\/ahoramasrd.com.do\/?p=86207"},"modified":"2025-06-24T09:15:35","modified_gmt":"2025-06-24T13:15:35","slug":"presidente-de-paraguay-recibe-al-senador-omar-fernandez","status":"publish","type":"post","link":"https:\/\/ahoramasrd.com.do\/?p=86207","title":{"rendered":"Presidente de Paraguay recibe al senador Omar Fern\u00e1ndez"},"content":{"rendered":"\n<p>Asunci\u00f3n, Paraguay-. El senador del Distrito Nacional de la Rep\u00fablica Dominicana, Omar Fern\u00e1ndez, encabez\u00f3 este lunes una visita oficial a la Rep\u00fablica del Paraguay, donde sostuvo un importante encuentro con el presidente Santiago Pe\u00f1a, como parte de sus esfuerzos por fortalecer los lazos bilaterales, promover la integraci\u00f3n regional y colaborar en una agenda de cooperaci\u00f3n entre ambos pa\u00edses.<\/p>\n\n\n\n<p>Fern\u00e1ndez tambi\u00e9n convers\u00f3 sobre la necesidad de una mayor integraci\u00f3n regional ante los desaf\u00edos geopol\u00edticos actuales para Am\u00e9rica Latina.<\/p>\n\n\n\n<p>\u201cCreemos en la integraci\u00f3n regional, sobre todo ante los desaf\u00edos geopol\u00edticos que vive el mundo y compartir impresiones en ese sentido de cooperaci\u00f3n siempre es beneficioso para nuestros pueblos\u201d, a\u00f1adi\u00f3.<\/p>\n\n\n\n<p>Durante la reuni\u00f3n, el senador Fern\u00e1ndez reafirm\u00f3 su compromiso con la consolidaci\u00f3n de la democracia, las libertades y el impulso de modelos de desarrollo que garanticen la prosperidad de los pueblos latinoamericanos.<\/p>\n\n\n\n<p>\u201cMe siento muy complacido de estar en la Rep\u00fablica del Paraguay, donde he visitado al Presidente Santiago Pe\u00f1a con quien comparto la visi\u00f3n por la consolidaci\u00f3n de la democracia en la regi\u00f3n, las libertades y es el criterio que comparte tambi\u00e9n la Rep\u00fablica Dominicana\u201d, afirm\u00f3.<\/p>\n\n\n\n<p>Uno de los temas tratados en la reuni\u00f3n fue la conectividad a\u00e9rea entre ambos pa\u00edses, destacando la necesidad de contar con vuelos directos entre Paraguay y Rep\u00fablica Dominicana para la promoci\u00f3n de las inversiones y la atracci\u00f3n de proyectos de desarrollo.<\/p>\n\n\n\n<p>La visita del senador Omar Fern\u00e1ndez refuerza el compromiso de los l\u00edderes latinoamericanos que se unen a favor de la democracia, el desarrollo y la cooperaci\u00f3n como pilares para el progreso de las naciones.<\/p>\n\n\n\n<p>Asimismo, el senador Fern\u00e1ndez visit\u00f3 el Palacio Legislativo donde se reuni\u00f3 con el senador Antonio Barrios, presidente de la comisi\u00f3n de relaciones exteriores del senado y conversaron sobre proyectos de ley para generar las garant\u00edas internacionales que puedan viabilizar la entrada de capital extranjero para invertir en el \u00e1mbito tecnol\u00f3gico y promover la productividad.<\/p>\n\n\n\n<p>El senador Omar Fern\u00e1ndez estuvo acompa\u00f1ado por una delegaci\u00f3n compuesta por el embajador dominicano en el Paraguay, Julio Sim\u00f3n Casta\u00f1os, el c\u00f3nsul honorario Javier Bernardes y los licenciados Diego Vargas y Borja Medina.<\/p>\n","protected":false},"excerpt":{"rendered":"<p>Asunci\u00f3n, Paraguay-. El senador del Distrito Nacional de la Rep\u00fablica Dominicana, Omar Fern\u00e1ndez, encabez\u00f3 este lunes una visita oficial a la Rep\u00fablica del Paraguay, donde sostuvo un importante encuentro con el presidente Santiago Pe\u00f1a, como parte de sus esfuerzos por fortalecer los lazos bilaterales, promover la integraci\u00f3n regional y colaborar en una agenda de cooperaci\u00f3n [&hellip;]<\/p>\n","protected":false},"author":2,"featured_media":86208,"comment_status":"open","ping_status":"open","sticky":false,"template":"","format":"standard","meta":{"footnotes":""},"categories":[44],"tags":[845,939,58],"class_list":{"0":"post-86207","1":"post","2":"type-post","3":"status-publish","4":"format-standard","5":"has-post-thumbnail","7":"category-actualidad","8":"tag-ahora-mas-rd","9":"tag-cada-minuto-una-verdad","10":"tag-republica-dominicana"},"aioseo_notices":[],"amp_enabled":true,"_links":{"self":[{"href":"https:\/\/ahoramasrd.com.do\/index.php?rest_route=\/wp\/v2\/posts\/86207","targetHints":{"allow":["GET"]}}],"collection":[{"href":"https:\/\/ahoramasrd.com.do\/index.php?rest_route=\/wp\/v2\/posts"}],"about":[{"href":"https:\/\/ahoramasrd.com.do\/index.php?rest_route=\/wp\/v2\/types\/post"}],"author":[{"embeddable":true,"href":"https:\/\/ahoramasrd.com.do\/index.php?rest_route=\/wp\/v2\/users\/2"}],"replies":[{"embeddable":true,"href":"https:\/\/ahoramasrd.com.do\/index.php?rest_route=%2Fwp%2Fv2%2Fcomments&post=86207"}],"version-history":[{"count":0,"href":"https:\/\/ahoramasrd.com.do\/index.php?rest_route=\/wp\/v2\/posts\/86207\/revisions"}],"wp:featuredmedia":[{"embeddable":true,"href":"https:\/\/ahoramasrd.com.do\/index.php?rest_route=\/"}],"wp:attachment":[{"href":"https:\/\/ahoramasrd.com.do\/index.php?rest_route=%2Fwp%2Fv2%2Fmedia&parent=86207"}],"wp:term":[{"taxonomy":"category","embeddable":true,"href":"https:\/\/ahoramasrd.com.do\/index.php?rest_route=%2Fwp%2Fv2%2Fcategories&post=86207"},{"taxonomy":"post_tag","embeddable":true,"href":"https:\/\/ahoramasrd.com.do\/index.php?rest_route=%2Fwp%2Fv2%2Ftags&post=86207"}],"curies":[{"name":"wp","href":"https:\/\/api.w.org\/{rel}","templated":true}]}}