{"id":86216,"date":"2025-06-24T12:19:41","date_gmt":"2025-06-24T16:19:41","guid":{"rendered":"https:\/\/ahoramasrd.com.do\/?p=86216"},"modified":"2025-06-24T12:19:41","modified_gmt":"2025-06-24T16:19:41","slug":"se-forma-en-el-atlantico-la-primera-tormenta-tropical-de-la-temporada","status":"publish","type":"post","link":"https:\/\/ahoramasrd.com.do\/?p=86216","title":{"rendered":"Se forma en el Atl\u00e1ntico la primera tormenta tropical de la temporada"},"content":{"rendered":"\n<p>La tormenta tropical Andrea, la primera del a\u00f1o en el Atl\u00e1ntico, se form\u00f3 este martes, seg\u00fan inform\u00f3 el Centro Nacional de Huracanes (NHC, por sus siglas en ingl\u00e9s).<\/p>\n\n\n\n<p>El sistema se localizaba a unos 1,940 kil\u00f3metros al oeste de las islas Azores, con vientos sostenidos de 65 km\/h y avanzando hacia el este-noreste a 28 km\/h. Los meteor\u00f3logos prev\u00e9n que Andrea tendr\u00e1 una vida corta, debilit\u00e1ndose en la noche del martes y disip\u00e1ndose por completo durante el mi\u00e9rcoles.<\/p>\n\n\n\n<p>El NHC aclar\u00f3 que no hay alertas ni advertencias activas, ya que el fen\u00f3meno no representa peligro para zonas habitadas. Se espera que su trayectoria contin\u00fae en mar abierto sin afectar a tierra firme.<\/p>\n\n\n\n<p>AP<\/p>\n","protected":false},"excerpt":{"rendered":"<p>La tormenta tropical Andrea, la primera del a\u00f1o en el Atl\u00e1ntico, se form\u00f3 este martes, seg\u00fan inform\u00f3 el Centro Nacional de Huracanes (NHC, por sus siglas en ingl\u00e9s). El sistema se localizaba a unos 1,940 kil\u00f3metros al oeste de las islas Azores, con vientos sostenidos de 65 km\/h y avanzando hacia el este-noreste a 28 [&hellip;]<\/p>\n","protected":false},"author":2,"featured_media":86217,"comment_status":"open","ping_status":"open","sticky":false,"template":"","format":"standard","meta":{"footnotes":""},"categories":[44],"tags":[845,939,58],"class_list":{"0":"post-86216","1":"post","2":"type-post","3":"status-publish","4":"format-standard","5":"has-post-thumbnail","7":"category-actualidad","8":"tag-ahora-mas-rd","9":"tag-cada-minuto-una-verdad","10":"tag-republica-dominicana"},"aioseo_notices":[],"amp_enabled":true,"_links":{"self":[{"href":"https:\/\/ahoramasrd.com.do\/index.php?rest_route=\/wp\/v2\/posts\/86216","targetHints":{"allow":["GET"]}}],"collection":[{"href":"https:\/\/ahoramasrd.com.do\/index.php?rest_route=\/wp\/v2\/posts"}],"about":[{"href":"https:\/\/ahoramasrd.com.do\/index.php?rest_route=\/wp\/v2\/types\/post"}],"author":[{"embeddable":true,"href":"https:\/\/ahoramasrd.com.do\/index.php?rest_route=\/wp\/v2\/users\/2"}],"replies":[{"embeddable":true,"href":"https:\/\/ahoramasrd.com.do\/index.php?rest_route=%2Fwp%2Fv2%2Fcomments&post=86216"}],"version-history":[{"count":0,"href":"https:\/\/ahoramasrd.com.do\/index.php?rest_route=\/wp\/v2\/posts\/86216\/revisions"}],"wp:featuredmedia":[{"embeddable":true,"href":"https:\/\/ahoramasrd.com.do\/index.php?rest_route=\/"}],"wp:attachment":[{"href":"https:\/\/ahoramasrd.com.do\/index.php?rest_route=%2Fwp%2Fv2%2Fmedia&parent=86216"}],"wp:term":[{"taxonomy":"category","embeddable":true,"href":"https:\/\/ahoramasrd.com.do\/index.php?rest_route=%2Fwp%2Fv2%2Fcategories&post=86216"},{"taxonomy":"post_tag","embeddable":true,"href":"https:\/\/ahoramasrd.com.do\/index.php?rest_route=%2Fwp%2Fv2%2Ftags&post=86216"}],"curies":[{"name":"wp","href":"https:\/\/api.w.org\/{rel}","templated":true}]}}