{"id":86282,"date":"2025-06-30T11:55:16","date_gmt":"2025-06-30T15:55:16","guid":{"rendered":"https:\/\/ahoramasrd.com.do\/?p=86282"},"modified":"2025-06-30T11:55:16","modified_gmt":"2025-06-30T15:55:16","slug":"presidente-abinader-encabeza-reunion-de-seguimiento-al-plan-de-seguridad-ciudadana-7","status":"publish","type":"post","link":"https:\/\/ahoramasrd.com.do\/?p=86282","title":{"rendered":"Presidente Abinader encabeza reuni\u00f3n de seguimiento al Plan de Seguridad Ciudadana"},"content":{"rendered":"\n<p>Santo Domingo.- El presidente Luis Abinader encabez\u00f3 la reuni\u00f3n de seguimiento al Plan de Seguridad Ciudadana para continuar fortaleciendo la seguridad en el pa\u00eds.<\/p>\n\n\n\n<p>El encuentro inici\u00f3 a las 10:35 de la ma\u00f1ana, en el Sal\u00f3n del Club de Oficiales del Palacio de la Polic\u00eda Nacional, donde se contin\u00faan evaluando las tareas asignadas, logros obtenidos y las medidas para seguir garantizando el bienestar de los dominicanos.<\/p>\n\n\n\n<p>En compa\u00f1\u00eda del jefe de Estado, se encuentran los ministros de Defensa, teniente general Carlos Antonio Fern\u00e1ndez Onofre; y de Interior y Polic\u00eda, Faride Raful; la procuradora General de la Rep\u00fablica, Yeni Berenice Reynoso; el director de la Polic\u00eda Nacional, mayor general Ram\u00f3n Antonio Guzm\u00e1n Peralta y el comandante de la Fuerza A\u00e9rea, mayor general piloto Floreal T. Su\u00e1rez Mart\u00ednez.<\/p>\n\n\n\n<p>En este encuentro tambi\u00e9n participa el presidente del Consejo Directivo del Instituto Dominicano de las Telecomunicaciones (INDOTEL), Guido G\u00f3mez Mazara.<\/p>\n\n\n\n<p>Tambi\u00e9n, los presidentes, de la Direcci\u00f3n Nacional de Control de Drogas (DNCD), vicealmirante Jos\u00e9 Manuel Cabrera Ulloa; del Consejo Nacional de Drogas (CND), Alejandro de Jes\u00fas Abreu; los directores de Migraci\u00f3n, vicealmirante Luis Rafael Lee Ballester; de la Comisi\u00f3n Militar y Policial (Comipol), coronel Luis Rafael Herrera Almonte; de la Direcci\u00f3n General de Seguridad de Tr\u00e1nsito y Transporte Terrestre (Digesett), general Pascual Cruz M\u00e9ndez; de la Polic\u00eda de Turismo (Politur), general Minoru Matsunaga y de Asuntos Internos de la Polic\u00eda Nacional, general Werner N\u00fa\u00f1ez Quezada; de la Polic\u00eda Escolar, coronel Mart\u00edn Miguel Tapia S\u00e1nchez y de Prisiones, Roberto Hern\u00e1ndez Basilio.<\/p>\n\n\n\n<p>En la reuni\u00f3n participan una comisi\u00f3n de fiscales integrada por la del Distrito Nacional, Rosalba Ramos; de San Crist\u00f3bal, Ramona Santana; de La Vega, Aura Luz Garc\u00eda; de Mar\u00eda Trinidad S\u00e1nchez, Juan Antonio Mateo Cipri\u00e1n; de La Altagracia, Claudia Garrido; de San Pedro de Macor\u00eds, Suleyka Mateo y de Duarte, Smaily Yamel Rodr\u00edguez.<\/p>\n\n\n\n<p>Al igual que, los fiscales titulares de Santo Domingo Este, Milc\u00edades Guzm\u00e1n; de Santo Domingo Oeste, Eduard L\u00f3pez; de Valverde, V\u00edctor Mej\u00eda; de Hermanas Mirabal, Zoila Agustina Rodr\u00edguez Ynfante; de Barahona, Wellington Matos Espinal; de Peravia, \u00c1ngel Dar\u00edo Tejeda Fabal; de Dajab\u00f3n, Yeisin Alc\u00e1ntara; de Espaillat, Yorelbin Rivas y de La Romana, Kevin Santana.<\/p>\n","protected":false},"excerpt":{"rendered":"<p>Santo Domingo.- El presidente Luis Abinader encabez\u00f3 la reuni\u00f3n de seguimiento al Plan de Seguridad Ciudadana para continuar fortaleciendo la seguridad en el pa\u00eds. El encuentro inici\u00f3 a las 10:35 de la ma\u00f1ana, en el Sal\u00f3n del Club de Oficiales del Palacio de la Polic\u00eda Nacional, donde se contin\u00faan evaluando las tareas asignadas, logros obtenidos [&hellip;]<\/p>\n","protected":false},"author":2,"featured_media":86283,"comment_status":"open","ping_status":"open","sticky":false,"template":"","format":"standard","meta":{"footnotes":""},"categories":[44],"tags":[845,939,58],"class_list":{"0":"post-86282","1":"post","2":"type-post","3":"status-publish","4":"format-standard","5":"has-post-thumbnail","7":"category-actualidad","8":"tag-ahora-mas-rd","9":"tag-cada-minuto-una-verdad","10":"tag-republica-dominicana"},"aioseo_notices":[],"amp_enabled":true,"_links":{"self":[{"href":"https:\/\/ahoramasrd.com.do\/index.php?rest_route=\/wp\/v2\/posts\/86282","targetHints":{"allow":["GET"]}}],"collection":[{"href":"https:\/\/ahoramasrd.com.do\/index.php?rest_route=\/wp\/v2\/posts"}],"about":[{"href":"https:\/\/ahoramasrd.com.do\/index.php?rest_route=\/wp\/v2\/types\/post"}],"author":[{"embeddable":true,"href":"https:\/\/ahoramasrd.com.do\/index.php?rest_route=\/wp\/v2\/users\/2"}],"replies":[{"embeddable":true,"href":"https:\/\/ahoramasrd.com.do\/index.php?rest_route=%2Fwp%2Fv2%2Fcomments&post=86282"}],"version-history":[{"count":0,"href":"https:\/\/ahoramasrd.com.do\/index.php?rest_route=\/wp\/v2\/posts\/86282\/revisions"}],"wp:featuredmedia":[{"embeddable":true,"href":"https:\/\/ahoramasrd.com.do\/index.php?rest_route=\/"}],"wp:attachment":[{"href":"https:\/\/ahoramasrd.com.do\/index.php?rest_route=%2Fwp%2Fv2%2Fmedia&parent=86282"}],"wp:term":[{"taxonomy":"category","embeddable":true,"href":"https:\/\/ahoramasrd.com.do\/index.php?rest_route=%2Fwp%2Fv2%2Fcategories&post=86282"},{"taxonomy":"post_tag","embeddable":true,"href":"https:\/\/ahoramasrd.com.do\/index.php?rest_route=%2Fwp%2Fv2%2Ftags&post=86282"}],"curies":[{"name":"wp","href":"https:\/\/api.w.org\/{rel}","templated":true}]}}