{"id":86310,"date":"2025-07-01T08:47:36","date_gmt":"2025-07-01T12:47:36","guid":{"rendered":"https:\/\/ahoramasrd.com.do\/?p=86310"},"modified":"2025-07-01T08:47:37","modified_gmt":"2025-07-01T12:47:37","slug":"instituciones-publicas-comienzan-definir-nuevos-horarios-para-mejorar-el-transito","status":"publish","type":"post","link":"https:\/\/ahoramasrd.com.do\/?p=86310","title":{"rendered":"Instituciones p\u00fablicas comienzan definir nuevos horarios para mejorar el tr\u00e1nsito"},"content":{"rendered":"\n<p>El ministro de la Presidencia, Jos\u00e9 Ignacio Paliza, inform\u00f3 que este lunes en la ma\u00f1ana, entre 37 y 45 instituciones p\u00fablicas ya hab\u00edan decidido en cu\u00e1l horario escalonado estar\u00edan participando sus colaboradores, con miras a mejorar el tr\u00e1nsito en el Gran Santo Domingo.<\/p>\n\n\n\n<p>El funcionario explic\u00f3 que las dem\u00e1s se ir\u00edan definiendo en las \u201cpr\u00f3ximas semanas\u201d.<\/p>\n\n\n\n<p>\u201cEsto as\u00ed porque muchas conllevan el inicio de otro turno de trabajo, porque son aquellas instituciones que proveen servicios al p\u00fablico, que tienen m\u00e1s de 1,000 servicios diarios al p\u00fablico y por tanto conlleva tener m\u00e1s de un turno de trabajo\u201d, explic\u00f3 Paliza, quien manifest\u00f3 que para tales fines se reuni\u00f3 con el ministro de Administraci\u00f3n P\u00fablica, Sigmund Freund.<\/p>\n\n\n\n<p>A partir del martes primero de julio de 2025, las instituciones p\u00fablicas, con presencia en el Gran Santo Domingo, deber\u00e1n dividir el 70% de su personal en los horarios de 7:00 de la ma\u00f1ana a 3:00 de la tarde, y de 7:30 de la ma\u00f1ana a 3:30 de la tarde.<\/p>\n\n\n\n<p>Entretanto, el 30% de las entidades se podr\u00e1 mantener en su horario habitual, de 8:00 de la ma\u00f1ana a 4:00 de la tarde; mientras aquellas instituciones que sobrepasen las 2,000 visitas al mes, en servicios de atenci\u00f3n al ciudadano, deber\u00e1n establecer dos turnos, el primero iniciando a las 7:00 de la ma\u00f1ana, finalizando a las 2:00 de la tarde, y el segundo iniciar\u00eda a las 2:00 de la tarde y se extender\u00eda hasta las 9:00 de la noche.<\/p>\n\n\n\n<p>En LA Semanal con la prensa desde el Palacio Nacional, el presidente Luis Abinader dijo que esas disposiciones fueron adoptadas a ra\u00edz del ejemplo que \u201cha funcionado\u201d en distintos pa\u00edses.<\/p>\n\n\n\n<p>Nuevo horario del Metro<\/p>\n\n\n\n<p>La Oficina para el Reordenamiento del Transporte (Opret) inform\u00f3 que, a partir del pr\u00f3ximo 31 de julio, el Metro de Santo Domingo y la L\u00ednea 1 del Telef\u00e9rico (desde Gualey hasta Charles de Gaulle) ampliar\u00e1n su horario de operaciones de lunes a viernes, iniciando el servicio a las 5:30 de la ma\u00f1ana y finalizando a las 10:30 de la noche.<\/p>\n\n\n\n<p>Los s\u00e1bados la operaci\u00f3n ser\u00e1 desde las 5:30 de la ma\u00f1ana hasta las 10:00 de la noche.<\/p>\n\n\n\n<p>\u201cEsta decisi\u00f3n se enmarca en los esfuerzos del Gobierno dominicano con la puesta en marcha del plan \u201cRD se Mueve\u201d, orientado a mejorar la movilidad urbana y ofrecer mayores facilidades a los usuarios que necesitan desplazarse m\u00e1s temprano hacia sus labores de trabajo, estudios universitarios u otras actividades. Esta medida ser\u00e1 monitoreada y evaluada para decidir su optimizaci\u00f3n\u201d, detalla el comunicado de prensa enviado por la Opret.<\/p>\n","protected":false},"excerpt":{"rendered":"<p>El ministro de la Presidencia, Jos\u00e9 Ignacio Paliza, inform\u00f3 que este lunes en la ma\u00f1ana, entre 37 y 45 instituciones p\u00fablicas ya hab\u00edan decidido en cu\u00e1l horario escalonado estar\u00edan participando sus colaboradores, con miras a mejorar el tr\u00e1nsito en el Gran Santo Domingo. El funcionario explic\u00f3 que las dem\u00e1s se ir\u00edan definiendo en las \u201cpr\u00f3ximas [&hellip;]<\/p>\n","protected":false},"author":2,"featured_media":86311,"comment_status":"open","ping_status":"open","sticky":false,"template":"","format":"standard","meta":{"footnotes":""},"categories":[44],"tags":[845,939,58],"class_list":{"0":"post-86310","1":"post","2":"type-post","3":"status-publish","4":"format-standard","5":"has-post-thumbnail","7":"category-actualidad","8":"tag-ahora-mas-rd","9":"tag-cada-minuto-una-verdad","10":"tag-republica-dominicana"},"aioseo_notices":[],"amp_enabled":true,"_links":{"self":[{"href":"https:\/\/ahoramasrd.com.do\/index.php?rest_route=\/wp\/v2\/posts\/86310","targetHints":{"allow":["GET"]}}],"collection":[{"href":"https:\/\/ahoramasrd.com.do\/index.php?rest_route=\/wp\/v2\/posts"}],"about":[{"href":"https:\/\/ahoramasrd.com.do\/index.php?rest_route=\/wp\/v2\/types\/post"}],"author":[{"embeddable":true,"href":"https:\/\/ahoramasrd.com.do\/index.php?rest_route=\/wp\/v2\/users\/2"}],"replies":[{"embeddable":true,"href":"https:\/\/ahoramasrd.com.do\/index.php?rest_route=%2Fwp%2Fv2%2Fcomments&post=86310"}],"version-history":[{"count":0,"href":"https:\/\/ahoramasrd.com.do\/index.php?rest_route=\/wp\/v2\/posts\/86310\/revisions"}],"wp:featuredmedia":[{"embeddable":true,"href":"https:\/\/ahoramasrd.com.do\/index.php?rest_route=\/"}],"wp:attachment":[{"href":"https:\/\/ahoramasrd.com.do\/index.php?rest_route=%2Fwp%2Fv2%2Fmedia&parent=86310"}],"wp:term":[{"taxonomy":"category","embeddable":true,"href":"https:\/\/ahoramasrd.com.do\/index.php?rest_route=%2Fwp%2Fv2%2Fcategories&post=86310"},{"taxonomy":"post_tag","embeddable":true,"href":"https:\/\/ahoramasrd.com.do\/index.php?rest_route=%2Fwp%2Fv2%2Ftags&post=86310"}],"curies":[{"name":"wp","href":"https:\/\/api.w.org\/{rel}","templated":true}]}}