{"id":86313,"date":"2025-07-01T09:13:35","date_gmt":"2025-07-01T13:13:35","guid":{"rendered":"https:\/\/ahoramasrd.com.do\/?p=86313"},"modified":"2025-07-01T09:13:36","modified_gmt":"2025-07-01T13:13:36","slug":"chanel-rosa-acusa-al-gobierno-de-desviar-el-debate-sobre-crisis-en-senasa-eso-no-tiene-nada-que-ver-con-el-tema-actual","status":"publish","type":"post","link":"https:\/\/ahoramasrd.com.do\/?p=86313","title":{"rendered":"Chanel Rosa acusa al Gobierno de desviar el debate sobre crisis en SeNaSa: \u201cEso no tiene nada que ver con el tema actual\u201d"},"content":{"rendered":"\n<p>Santo Domingo. \u2013 El exdirector del Seguro Nacional de Salud (SeNaSa), Chanel Rosa Chupany, reaccion\u00f3 este martes a las declaraciones del presidente Luis Abinader sobre el supuesto d\u00e9ficit de la instituci\u00f3n, y lo acus\u00f3 de utilizar una estrategia para desviar la atenci\u00f3n del problema real que enfrenta la aseguradora estatal.<\/p>\n\n\n\n<p>En un mensaje publicado en redes sociales, Chanel Rosa aclar\u00f3 que las 2 millones de personas que fueron afiliadas en 2020 no lo hab\u00edan sido anteriormente por una disposici\u00f3n del Consejo Nacional de Seguridad Social (CNSS), que exig\u00eda una evaluaci\u00f3n previa del Siuben para calificar como beneficiarios del R\u00e9gimen Subsidiado.<\/p>\n\n\n\n<p>\u201cEn el 2020 dos millones de personas no estaban afiliadas a la Seguridad Social. La raz\u00f3n era la siguiente: en ese momento hab\u00eda una disposici\u00f3n del CNSS que para afiliar a alguien al R\u00e9gimen Subsidiado deb\u00eda ser previamente evaluado por el Siuben para ver si calificaba por su nivel de pobreza\u201d, explic\u00f3.<\/p>\n\n\n\n<p>Indic\u00f3 que la mayor\u00eda de esos ciudadanos no calificaban porque pertenec\u00edan a clases media y alta, entre ellos funcionarios y ex empleados p\u00fablicos.<\/p>\n\n\n\n<p>\u201cMuchos de ellos eran funcionarios y ex empleados p\u00fablicos (incluyendo ministros) y eso favoreci\u00f3 a SeNaSa porque esa poblaci\u00f3n no va a recibir servicios de salud del r\u00e9gimen subsidiado. Por lo tanto, SeNaSa ten\u00eda un ingreso sin grandes gastos\u201d.<\/p>\n\n\n\n<figure class=\"wp-block-embed is-type-rich is-provider-twitter wp-block-embed-twitter\"><div class=\"wp-block-embed__wrapper\">\n<blockquote class=\"twitter-tweet\" data-width=\"550\" data-dnt=\"true\"><p lang=\"es\" dir=\"ltr\">En el 2020 dos millones de personas no estaban afiliadas a la Seguridad Social, la raz\u00f3n era la siguiente: en ese momento hab\u00eda una disposici\u00f3n del CNSS que para afiliar a alguien al R\u00e9gimen Subsidiado deb\u00eda ser previamente evaluado por el Siuben para ver si calificaba por su\u2026<\/p>&mdash; Chanel Mateo Rosa (@chanelsocial) <a href=\"https:\/\/twitter.com\/chanelsocial\/status\/1939849122384675186?ref_src=twsrc%5Etfw\">July 1, 2025<\/a><\/blockquote><script async src=\"https:\/\/platform.twitter.com\/widgets.js\" charset=\"utf-8\"><\/script>\n<\/div><\/figure>\n\n\n\n<p>Aunque afirm\u00f3 que \u00e9l mismo habr\u00eda tomado la misma decisi\u00f3n de afiliarlos durante la pandemia, advirti\u00f3 que utilizar ese punto para justificar la situaci\u00f3n financiera actual es una forma de evasi\u00f3n.<\/p>\n\n\n\n<blockquote class=\"wp-block-quote is-layout-flow wp-block-quote-is-layout-flow\">\n<p>\u201cDicho esto, yo tambi\u00e9n hubiese hecho lo mismo que hizo el gobierno. Pero ese no es el tema. Nada que ver con la discusi\u00f3n actual. Eso es una estrategia de desviaci\u00f3n\u201d.<\/p>\n<\/blockquote>\n\n\n\n<p>Rosa Chupany tambi\u00e9n cuestion\u00f3 el desconocimiento del presidente Abinader sobre c\u00f3mo operaba SeNaSa en su momento y el tipo de cobertura que ofrec\u00eda incluso a dirigentes del Partido Revolucionario Moderno (PRM).<\/p>\n\n\n\n<blockquote class=\"wp-block-quote is-layout-flow wp-block-quote-is-layout-flow\">\n<p>\u201cEl presidente no tiene idea de la cantidad de problemas que a militantes de su partido se le resolv\u00edan en SeNaSa, situaciones de salud que no estaban en cobertura. Ellos no lo van a decir, yo mucho menos, pero en la conciencia de cada cual queda\u201d.<\/p>\n<\/blockquote>\n\n\n\n<p>Las declaraciones surgen luego de que Abinader negara en \u201cLa Semanal\u201d que SeNaSa tenga un d\u00e9ficit, y asegurara que ahora es cuando el seguro \u201ctiene valor\u201d, sugiriendo que antes del 2020 no lo ten\u00eda.<\/p>\n","protected":false},"excerpt":{"rendered":"<p>Santo Domingo. \u2013 El exdirector del Seguro Nacional de Salud (SeNaSa), Chanel Rosa Chupany, reaccion\u00f3 este martes a las declaraciones del presidente Luis Abinader sobre el supuesto d\u00e9ficit de la instituci\u00f3n, y lo acus\u00f3 de utilizar una estrategia para desviar la atenci\u00f3n del problema real que enfrenta la aseguradora estatal. En un mensaje publicado en [&hellip;]<\/p>\n","protected":false},"author":2,"featured_media":86314,"comment_status":"open","ping_status":"open","sticky":false,"template":"","format":"standard","meta":{"footnotes":""},"categories":[44],"tags":[845,939,58],"class_list":{"0":"post-86313","1":"post","2":"type-post","3":"status-publish","4":"format-standard","5":"has-post-thumbnail","7":"category-actualidad","8":"tag-ahora-mas-rd","9":"tag-cada-minuto-una-verdad","10":"tag-republica-dominicana"},"aioseo_notices":[],"amp_enabled":true,"_links":{"self":[{"href":"https:\/\/ahoramasrd.com.do\/index.php?rest_route=\/wp\/v2\/posts\/86313","targetHints":{"allow":["GET"]}}],"collection":[{"href":"https:\/\/ahoramasrd.com.do\/index.php?rest_route=\/wp\/v2\/posts"}],"about":[{"href":"https:\/\/ahoramasrd.com.do\/index.php?rest_route=\/wp\/v2\/types\/post"}],"author":[{"embeddable":true,"href":"https:\/\/ahoramasrd.com.do\/index.php?rest_route=\/wp\/v2\/users\/2"}],"replies":[{"embeddable":true,"href":"https:\/\/ahoramasrd.com.do\/index.php?rest_route=%2Fwp%2Fv2%2Fcomments&post=86313"}],"version-history":[{"count":0,"href":"https:\/\/ahoramasrd.com.do\/index.php?rest_route=\/wp\/v2\/posts\/86313\/revisions"}],"wp:featuredmedia":[{"embeddable":true,"href":"https:\/\/ahoramasrd.com.do\/index.php?rest_route=\/"}],"wp:attachment":[{"href":"https:\/\/ahoramasrd.com.do\/index.php?rest_route=%2Fwp%2Fv2%2Fmedia&parent=86313"}],"wp:term":[{"taxonomy":"category","embeddable":true,"href":"https:\/\/ahoramasrd.com.do\/index.php?rest_route=%2Fwp%2Fv2%2Fcategories&post=86313"},{"taxonomy":"post_tag","embeddable":true,"href":"https:\/\/ahoramasrd.com.do\/index.php?rest_route=%2Fwp%2Fv2%2Ftags&post=86313"}],"curies":[{"name":"wp","href":"https:\/\/api.w.org\/{rel}","templated":true}]}}