{"id":86319,"date":"2025-07-01T10:24:20","date_gmt":"2025-07-01T14:24:20","guid":{"rendered":"https:\/\/ahoramasrd.com.do\/?p=86319"},"modified":"2025-07-01T10:24:20","modified_gmt":"2025-07-01T14:24:20","slug":"trump-insinua-que-podria-deportar-a-elon-musk-tras-sus-criticas-al-proyecto-fiscal-republicano","status":"publish","type":"post","link":"https:\/\/ahoramasrd.com.do\/?p=86319","title":{"rendered":"Trump insin\u00faa que podr\u00eda deportar a Elon Musk tras sus cr\u00edticas al proyecto fiscal republicano"},"content":{"rendered":"\n<p>\u201cNo lo s\u00e9\u201d, respondi\u00f3 Trump a los periodistas en la Casa Blanca el martes, cuando se le pregunt\u00f3 si deportar\u00eda al empresario nacido en Sud\u00e1frica y ciudadano estadounidense, antes de agregar que \u201ctendremos que estudiarlo\u201d.Donald Trump dijo que estudiar\u00eda la posibilidad de deportar al multimillonario Elon Musk en respuesta a una pregunta sobre el aliado convertido en cr\u00edtico de su emblem\u00e1tica legislaci\u00f3n fiscal y de gasto p\u00fablico.<\/p>\n\n\n\n<p>\u201cNo lo s\u00e9\u201d, respondi\u00f3 Trump a los periodistas en la Casa Blanca el martes, cuando se le pregunt\u00f3 si deportar\u00eda al empresario nacido en Sud\u00e1frica y ciudadano estadounidense, antes de agregar que \u201ctendremos que estudiarlo\u201d.<\/p>\n\n\n\n<p>Los comentarios del presidente marcan un nuevo cap\u00edtulo en la renovada disputa con la persona m\u00e1s rica del mundo, quien ha intensificado sus cr\u00edticas al proyecto de ley republicana que acelera el fin de un cr\u00e9dito fiscal al consumo para la compra de veh\u00edculos el\u00e9ctricos. Musk, director ejecutivo de Tesla Inc., ha visto c\u00f3mo las acciones de la compa\u00f1\u00eda ca\u00edan m\u00e1s de un 4% en las operaciones previas a la apertura del mercado.<\/p>\n\n\n\n<p>Trump ha atribuido la oposici\u00f3n de Musk al proyecto de ley a la eliminaci\u00f3n de las subvenciones de las que se benefician sus numerosas empresas. El martes, el mandatario amenaz\u00f3 en redes sociales con retirar dichos subsidios, una advertencia que reiter\u00f3 m\u00e1s tarde ante los medios.<\/p>\n\n\n\n<p>\u201cElon est\u00e1 perdiendo su mandato sobre los veh\u00edculos el\u00e9ctricos\u201d, declar\u00f3 Trump, \u201cy podr\u00eda perder mucho m\u00e1s que eso\u201d.<\/p>\n\n\n\n<p>El \u201cmandato sobre los veh\u00edculos el\u00e9ctricos\u201d hace referencia a un conjunto de normas de ahorro de combustible y l\u00edmites de emisiones que obligan a los fabricantes a vender una proporci\u00f3n creciente de modelos el\u00e9ctricos.<\/p>\n\n\n\n<p>La administraci\u00f3n ha tomado medidas para desmantelar esas regulaciones, aunque estas no se ven afectadas por la legislaci\u00f3n que est\u00e1 siendo tramitada en el Senado. No obstante, el proyecto fiscal y de gasto pondr\u00eda fin a una degradaci\u00f3n fiscal clave para los compradores de veh\u00edculos el\u00e9ctricos particulares, incentivo que ha impulsado las ventas del sector.<\/p>\n\n\n\n<p>Musk ha criticado con dureza la legislaci\u00f3n republicana, a la que calific\u00f3 como \u201cproyecto de ley de gasto demencial\u201d, y amenaz\u00f3 con colaborar en la creaci\u00f3n de un tercer partido pol\u00edtico en EE.UU. Sin embargo, ha negado que su oposici\u00f3n est\u00e9 motivada por la defensa de los subsidios estatales a sus empresas.<\/p>\n\n\n\n<p>El empresario apoy\u00f3 a Trump en las elecciones de 2024 y apoy\u00f3 el liderazgo del Departamento de Eficiencia Gubernamental, desde donde impuls\u00f3 recortes en personal y funciones del gobierno federal antes de dejar el cargo a multas de mayo.<\/p>\n\n\n\n<p>Ambos l\u00edderes mantuvieron una disputa p\u00fablica por la legislaci\u00f3n fiscal, intercambiando insultos en redes sociales. Aunque el conflicto parec\u00eda haberse enfriado, Musk ha retomado sus ataques contra la ley en los \u00faltimos d\u00edas, reavivando el enfrentamiento.<\/p>\n\n\n\n<p>\u201cQuiz\u00e1s tengamos que poner un DOGE contra Elon\u201d, dijo Trump, en referencia a la iniciativa de recorte de gastos federales. \"DOGE es el monstruo que podr\u00eda tener que volver y comerse a Elon. \u00bfNo ser\u00eda terrible?\".<\/p>\n","protected":false},"excerpt":{"rendered":"<p>\u201cNo lo s\u00e9\u201d, respondi\u00f3 Trump a los periodistas en la Casa Blanca el martes, cuando se le pregunt\u00f3 si deportar\u00eda al empresario nacido en Sud\u00e1frica y ciudadano estadounidense, antes de agregar que \u201ctendremos que estudiarlo\u201d.Donald Trump dijo que estudiar\u00eda la posibilidad de deportar al multimillonario Elon Musk en respuesta a una pregunta sobre el aliado [&hellip;]<\/p>\n","protected":false},"author":2,"featured_media":86320,"comment_status":"open","ping_status":"open","sticky":false,"template":"","format":"standard","meta":{"footnotes":""},"categories":[48],"tags":[845,939,58],"class_list":{"0":"post-86319","1":"post","2":"type-post","3":"status-publish","4":"format-standard","5":"has-post-thumbnail","7":"category-internacionales","8":"tag-ahora-mas-rd","9":"tag-cada-minuto-una-verdad","10":"tag-republica-dominicana"},"aioseo_notices":[],"amp_enabled":true,"_links":{"self":[{"href":"https:\/\/ahoramasrd.com.do\/index.php?rest_route=\/wp\/v2\/posts\/86319","targetHints":{"allow":["GET"]}}],"collection":[{"href":"https:\/\/ahoramasrd.com.do\/index.php?rest_route=\/wp\/v2\/posts"}],"about":[{"href":"https:\/\/ahoramasrd.com.do\/index.php?rest_route=\/wp\/v2\/types\/post"}],"author":[{"embeddable":true,"href":"https:\/\/ahoramasrd.com.do\/index.php?rest_route=\/wp\/v2\/users\/2"}],"replies":[{"embeddable":true,"href":"https:\/\/ahoramasrd.com.do\/index.php?rest_route=%2Fwp%2Fv2%2Fcomments&post=86319"}],"version-history":[{"count":0,"href":"https:\/\/ahoramasrd.com.do\/index.php?rest_route=\/wp\/v2\/posts\/86319\/revisions"}],"wp:featuredmedia":[{"embeddable":true,"href":"https:\/\/ahoramasrd.com.do\/index.php?rest_route=\/"}],"wp:attachment":[{"href":"https:\/\/ahoramasrd.com.do\/index.php?rest_route=%2Fwp%2Fv2%2Fmedia&parent=86319"}],"wp:term":[{"taxonomy":"category","embeddable":true,"href":"https:\/\/ahoramasrd.com.do\/index.php?rest_route=%2Fwp%2Fv2%2Fcategories&post=86319"},{"taxonomy":"post_tag","embeddable":true,"href":"https:\/\/ahoramasrd.com.do\/index.php?rest_route=%2Fwp%2Fv2%2Ftags&post=86319"}],"curies":[{"name":"wp","href":"https:\/\/api.w.org\/{rel}","templated":true}]}}