{"id":86325,"date":"2025-07-01T12:26:47","date_gmt":"2025-07-01T16:26:47","guid":{"rendered":"https:\/\/ahoramasrd.com.do\/?p=86325"},"modified":"2025-07-01T12:26:48","modified_gmt":"2025-07-01T16:26:48","slug":"marco-rubio-anuncia-fin-de-usaid-como-organo-central-de-ayuda-exterior-de-ee-uu","status":"publish","type":"post","link":"https:\/\/ahoramasrd.com.do\/?p=86325","title":{"rendered":"Marco Rubio anuncia fin de USAID como \u00f3rgano central de ayuda exterior de EE.UU."},"content":{"rendered":"\n<p>El secretario de Estado de Estados Unidos, Marco Rubio, anunci\u00f3 este lunes 1 de julio el fin oficial de la Agencia de EE. UU. para el Desarrollo Internacional (USAID) como \u00f3rgano central de la asistencia exterior del pa\u00eds.<\/p>\n\n\n\n<p>A partir de ahora, ser\u00e1 el Departamento de Estado quien asuma directamente la administraci\u00f3n de estos programas, con el objetivo de asegurar que la ayuda exterior promueva los intereses nacionales y no financie a \u201cgobiernos fallidos ni ONG afines a China\u201d.<\/p>\n\n\n\n<p>En una columna publicada por el propio Rubio bajo el t\u00edtulo \u201cDevolviendo la ayuda exterior a su grandeza\u201d, el funcionario subray\u00f3 que toda ayuda estadounidense llevar\u00e1 la bandera del pa\u00eds, en se\u00f1al de que se trata de una inversi\u00f3n estrat\u00e9gica y no de caridad. \u201cPriorizar el comercio sobre la caridad es una decisi\u00f3n pragm\u00e1tica y necesaria en este contexto geopol\u00edtico\u201d, afirm\u00f3.<\/p>\n\n\n\n<p>Rubio explic\u00f3 que, tras una revisi\u00f3n exhaustiva de los programas de USAID durante la Administraci\u00f3n Trump, se constat\u00f3 que la agencia hab\u00eda administrado m\u00e1s de 715 mil millones de d\u00f3lares en gastos acumulados, ajustados a la inflaci\u00f3n, sin resultados proporcionales al desembolso. El secretario critic\u00f3 que USAID se haya convertido en un \u201ccomplejo industrial de ONG de alcance mundial\u201d, que muchas veces opera con poca transparencia y sin beneficios claros para el pueblo estadounidense.<\/p>\n\n\n\n<p>Seg\u00fan el documento, en 2023, pa\u00edses que se beneficiaron de la ayuda de EE. UU., como varias naciones del \u00c1frica subsahariana, votaron en contra de los intereses estadounidenses en la ONU el 71\u202f% de las veces, a pesar de haber recibido 165 mil millones de d\u00f3lares en desembolsos desde 1991. Tambi\u00e9n se cuestion\u00f3 el uso de m\u00e1s de 89 mil millones de d\u00f3lares invertidos en el Medio Oriente y el Norte de \u00c1frica, y 9.300 millones en zonas controladas por grupos hostiles como Ham\u00e1s, en Gaza y Cisjordania.<\/p>\n\n\n\n<p>\u201cLos \u00fanicos que viv\u00edan bien con estos fondos eran los ejecutivos de las innumerables ONG\u201d, dijo Rubio, y argument\u00f3 que la ayuda terminaba beneficiando a \u00e9lites desconectadas de la realidad mientras que los sectores m\u00e1s pobres segu\u00edan sin mejoras tangibles.<\/p>\n\n\n\n<p>Con esta reforma, el Departamento de Estado buscar\u00e1 canalizar los recursos hacia alianzas estrat\u00e9gicas, con \u00e9nfasis en el comercio justo, la seguridad nacional y la competencia global, especialmente frente a la influencia creciente de China en regiones donde EE. UU. manten\u00eda una presencia tradicional a trav\u00e9s de la cooperaci\u00f3n.<\/p>\n","protected":false},"excerpt":{"rendered":"<p>El secretario de Estado de Estados Unidos, Marco Rubio, anunci\u00f3 este lunes 1 de julio el fin oficial de la Agencia de EE. UU. para el Desarrollo Internacional (USAID) como \u00f3rgano central de la asistencia exterior del pa\u00eds. A partir de ahora, ser\u00e1 el Departamento de Estado quien asuma directamente la administraci\u00f3n de estos programas, [&hellip;]<\/p>\n","protected":false},"author":2,"featured_media":86326,"comment_status":"open","ping_status":"open","sticky":false,"template":"","format":"standard","meta":{"footnotes":""},"categories":[48],"tags":[845,939,58],"class_list":{"0":"post-86325","1":"post","2":"type-post","3":"status-publish","4":"format-standard","5":"has-post-thumbnail","7":"category-internacionales","8":"tag-ahora-mas-rd","9":"tag-cada-minuto-una-verdad","10":"tag-republica-dominicana"},"aioseo_notices":[],"amp_enabled":true,"_links":{"self":[{"href":"https:\/\/ahoramasrd.com.do\/index.php?rest_route=\/wp\/v2\/posts\/86325","targetHints":{"allow":["GET"]}}],"collection":[{"href":"https:\/\/ahoramasrd.com.do\/index.php?rest_route=\/wp\/v2\/posts"}],"about":[{"href":"https:\/\/ahoramasrd.com.do\/index.php?rest_route=\/wp\/v2\/types\/post"}],"author":[{"embeddable":true,"href":"https:\/\/ahoramasrd.com.do\/index.php?rest_route=\/wp\/v2\/users\/2"}],"replies":[{"embeddable":true,"href":"https:\/\/ahoramasrd.com.do\/index.php?rest_route=%2Fwp%2Fv2%2Fcomments&post=86325"}],"version-history":[{"count":0,"href":"https:\/\/ahoramasrd.com.do\/index.php?rest_route=\/wp\/v2\/posts\/86325\/revisions"}],"wp:featuredmedia":[{"embeddable":true,"href":"https:\/\/ahoramasrd.com.do\/index.php?rest_route=\/"}],"wp:attachment":[{"href":"https:\/\/ahoramasrd.com.do\/index.php?rest_route=%2Fwp%2Fv2%2Fmedia&parent=86325"}],"wp:term":[{"taxonomy":"category","embeddable":true,"href":"https:\/\/ahoramasrd.com.do\/index.php?rest_route=%2Fwp%2Fv2%2Fcategories&post=86325"},{"taxonomy":"post_tag","embeddable":true,"href":"https:\/\/ahoramasrd.com.do\/index.php?rest_route=%2Fwp%2Fv2%2Ftags&post=86325"}],"curies":[{"name":"wp","href":"https:\/\/api.w.org\/{rel}","templated":true}]}}