{"id":86426,"date":"2025-07-07T15:53:06","date_gmt":"2025-07-07T19:53:06","guid":{"rendered":"https:\/\/ahoramasrd.com.do\/?p=86426"},"modified":"2025-07-07T15:53:06","modified_gmt":"2025-07-07T19:53:06","slug":"eeuu-aplicara-el-1-de-agosto-aranceles-a-paises-con-los-que-no-haya-acuerdo","status":"publish","type":"post","link":"https:\/\/ahoramasrd.com.do\/?p=86426","title":{"rendered":"EEUU aplicar\u00e1 el 1 de agosto aranceles a pa\u00edses con los que no haya acuerdo"},"content":{"rendered":"\n<p>Washington, Estados Unidos. \u2013 Estados Unidos aplicar\u00e1 el 1 de agosto aranceles a aquellos socios comerciales con los que no haya alcanzado acuerdos, bien sea Taiw\u00e1n o la Uni\u00f3n Europea, declar\u00f3 el domingo el secretario del Tesoro, Scott Bessent.<\/p>\n\n\n\n<p>Los aranceles \u00absaltar\u00e1n\u00bb hasta los niveles, en algunos casos muy elevados, que el presidente Donald Trump hab\u00eda anunciado el 2 de abril, antes de suspender los grav\u00e1menes para permitir negociaciones comerciales y establecer un plazo hasta el 9 de julio para conseguir acuerdos, dijo Bessent a la cadena CNN.<\/p>\n\n\n\n<p>Bessent reiter\u00f3 declaraciones hechas por Trump el viernes a la prensa, cuando mencion\u00f3 un nuevo plazo para la imposici\u00f3n de las tarifas aduaneras.<\/p>\n\n\n\n<p>\u00abBueno, probablemente las inicie el 1 de agosto, eso es bastante pronto. \u00ab\u00bfVerdad?\u00bb, dijo el republicano a periodistas a bordo del avi\u00f3n presidencial.<\/p>\n\n\n\n<p>El mandatario declar\u00f3 a la prensa este domingo que hab\u00eda firmado cerca de una docena de cartas para informar a los pa\u00edses de las subidas de las tasas, que se enviar\u00e1n el lunes.<\/p>\n\n\n\n<p>\u00abCreo que tendremos a la mayor\u00eda de los pa\u00edses listos para el 9 de julio, ya sea una carta o un acuerdo\u00bb, dijo Trump, al agregar que se hab\u00edan alcanzado algunos pactos.<\/p>\n\n\n\n<p>A su lado, el secretario de Comercio estadounidense, Howard Lutnick, confirm\u00f3 que los aranceles arrancar\u00edan el 1 de agosto, \u00abpero el presidente est\u00e1 fijando las tarifas y los acuerdos ahora mismo\u00bb.<\/p>\n\n\n\n<p>Washington mantiene negociaciones con varios pa\u00edses para alcanzar arreglos comerciales que eviten los aranceles.<\/p>\n\n\n\n<p>Hasta la fecha, solo Reino Unido y Vietnam han conseguido sellar un pacto comercial con Estados Unidos. Con China acord\u00f3 una tregua temporal para reducir los aranceles de hasta tres cifras que llegaron a imponerse mutuamente.<\/p>\n\n\n\n<p>Bessent dijo que su gobierno est\u00e1 \u00abcerca de varios acuerdos\u00bb, aunque no indic\u00f3 con cu\u00e1les socios.<\/p>\n\n\n\n<p>El secretario del Tesoro neg\u00f3 que Estados Unidos est\u00e9 amenazando a los pa\u00edses con su pol\u00edtica arancelaria, aunque admiti\u00f3 que hay que aplicar la \u00abm\u00e1xima presi\u00f3n\u00bb.<\/p>\n\n\n\n<p>\u00abNo se trata de una fecha l\u00edmite. Estamos diciendo qu\u00e9 es lo que ocurrir\u00e1. Si quiere acelerar las cosas, adelante. Si quiere regresar a las anteriores tasas, es su elecci\u00f3n\u00bb, indic\u00f3.<\/p>\n\n\n\n<p>Y como ejemplo puso a la Uni\u00f3n Europea, que \u00abest\u00e1 haciendo grandes progresos\u00bb tras haberse mantenido reacia a modificar su acuerdo comercial con Washington.<\/p>\n","protected":false},"excerpt":{"rendered":"<p>Washington, Estados Unidos. \u2013 Estados Unidos aplicar\u00e1 el 1 de agosto aranceles a aquellos socios comerciales con los que no haya alcanzado acuerdos, bien sea Taiw\u00e1n o la Uni\u00f3n Europea, declar\u00f3 el domingo el secretario del Tesoro, Scott Bessent. Los aranceles \u00absaltar\u00e1n\u00bb hasta los niveles, en algunos casos muy elevados, que el presidente Donald Trump [&hellip;]<\/p>\n","protected":false},"author":2,"featured_media":86427,"comment_status":"open","ping_status":"open","sticky":false,"template":"","format":"standard","meta":{"footnotes":""},"categories":[48],"tags":[845,939,58],"class_list":{"0":"post-86426","1":"post","2":"type-post","3":"status-publish","4":"format-standard","5":"has-post-thumbnail","7":"category-internacionales","8":"tag-ahora-mas-rd","9":"tag-cada-minuto-una-verdad","10":"tag-republica-dominicana"},"aioseo_notices":[],"amp_enabled":true,"_links":{"self":[{"href":"https:\/\/ahoramasrd.com.do\/index.php?rest_route=\/wp\/v2\/posts\/86426","targetHints":{"allow":["GET"]}}],"collection":[{"href":"https:\/\/ahoramasrd.com.do\/index.php?rest_route=\/wp\/v2\/posts"}],"about":[{"href":"https:\/\/ahoramasrd.com.do\/index.php?rest_route=\/wp\/v2\/types\/post"}],"author":[{"embeddable":true,"href":"https:\/\/ahoramasrd.com.do\/index.php?rest_route=\/wp\/v2\/users\/2"}],"replies":[{"embeddable":true,"href":"https:\/\/ahoramasrd.com.do\/index.php?rest_route=%2Fwp%2Fv2%2Fcomments&post=86426"}],"version-history":[{"count":0,"href":"https:\/\/ahoramasrd.com.do\/index.php?rest_route=\/wp\/v2\/posts\/86426\/revisions"}],"wp:featuredmedia":[{"embeddable":true,"href":"https:\/\/ahoramasrd.com.do\/index.php?rest_route=\/"}],"wp:attachment":[{"href":"https:\/\/ahoramasrd.com.do\/index.php?rest_route=%2Fwp%2Fv2%2Fmedia&parent=86426"}],"wp:term":[{"taxonomy":"category","embeddable":true,"href":"https:\/\/ahoramasrd.com.do\/index.php?rest_route=%2Fwp%2Fv2%2Fcategories&post=86426"},{"taxonomy":"post_tag","embeddable":true,"href":"https:\/\/ahoramasrd.com.do\/index.php?rest_route=%2Fwp%2Fv2%2Ftags&post=86426"}],"curies":[{"name":"wp","href":"https:\/\/api.w.org\/{rel}","templated":true}]}}