{"id":86551,"date":"2025-07-11T10:20:09","date_gmt":"2025-07-11T14:20:09","guid":{"rendered":"https:\/\/ahoramasrd.com.do\/?p=86551"},"modified":"2025-07-11T10:20:10","modified_gmt":"2025-07-11T14:20:10","slug":"idoppril-y-fundacion-yo-tambien-puedo-renuevan-acuerdo","status":"publish","type":"post","link":"https:\/\/ahoramasrd.com.do\/?p=86551","title":{"rendered":"IDOPPRIL y Fundaci\u00f3n Yo Tambi\u00e9n Puedo renuevan acuerdo"},"content":{"rendered":"\n<p>El Instituto Dominicano de Prevenci\u00f3n y Protecci\u00f3n de Riesgos Laborales (IDOPPRIL) renov\u00f3 el acuerdo de colaboraci\u00f3n con la Fundaci\u00f3n Yo Tambi\u00e9n Puedo, a favor de los hijos de empleados de la entidad aseguradora con espectro autista o s\u00edndrome de Down.<\/p>\n\n\n\n<p>La r\u00fabrica fue realizada por el director ejecutivo del IDOPPRIL, doctor Agust\u00edn Burgos, y la presidenta de la referida fundaci\u00f3n, Mar\u00eda Esperanza Hach\u00e9.<\/p>\n\n\n\n<p>En la actividad, el doctor Burgos explic\u00f3 que \u201ceste convenio no solo es a beneficio del ni\u00f1o que tenga la condici\u00f3n\u201d. Detall\u00f3 que el mismo \u201cgarantiza o da el espaldarazo al colaborador nuestro que siente que la instituci\u00f3n no solamente vela por la producci\u00f3n per se, sino que tambi\u00e9n es capaz de tener un lazo de solidaridad con lo que representa a nivel familiar tener alguien que posea esta condici\u00f3n\u201d.<\/p>\n\n\n\n<p>De su lado, la presidenta de la fundaci\u00f3n expres\u00f3: \u201cUstedes, como IDOPPRIL, tambi\u00e9n se convierten en embajadores de esperanza, por unirse a nuestra causa, ayudando a personas en situaciones de discapacidad\u201d.<\/p>\n\n\n\n<p>\u201cTrabajamos desde uno hasta 55 a\u00f1os de edad, a trav\u00e9s de programas educativos, art\u00edsticos, vida independiente e inserci\u00f3n laboral\u201d, especific\u00f3.<\/p>\n\n\n\n<p>Al cierre del encuentro, las colaboradoras madres de los ni\u00f1os con distintas condiciones testificaron sobre su experiencia con Yo Tambi\u00e9n Puedo a ra\u00edz del convenio con IDOPPRIL, y la catalogaron como excelente.<\/p>\n\n\n\n<p>\u201cMe encanta. He visto la evoluci\u00f3n de mi ni\u00f1o. Ha cambiado mucho desde que est\u00e1 en esa fundaci\u00f3n. Los maestros, la directora, todos son muy comprometidos con los infantes. Estoy feliz de que se haya renovado el acuerdo con el IDOPPRIL\u201d, dijo la colaboradora Emelin Rodr\u00edguez.<\/p>\n\n\n\n<p>Igualmente se expres\u00f3 la madre Susana D\u00edaz. \u201cMi ni\u00f1a es feliz cuando llega a la fundaci\u00f3n. Es feliz con las maestras, esa acogida con la que le dan la instrucci\u00f3n, de hecho, cuando llega no quiere irse\u201d, agreg\u00f3. Tambi\u00e9n dijo que este \u201ces un apoyo que estimula a ellos en su crecimiento, que los hace ver que son aceptados, que pueden seguir, que no sienten la limitaci\u00f3n de no poder insertarse y hacer una vida normal porque tienen alguna condici\u00f3n. Eso es parte de las fortalezas que se trabajan all\u00e1 y se fomentan\u201d, resalt\u00f3.<\/p>\n\n\n\n<p>La m\u00e9dico ocupacional, doctora Mary Pacheco, destac\u00f3 el servicio recibido y el trato amigable para su ni\u00f1o y para los padres. \u201cAprovecho para agradecer al IDOPPRIL, a su director ejecutivo, doctor Agust\u00edn Burgos, por una vez m\u00e1s renovar este contrato para nosotros\u201d, sostuvo. \u201cNos sentimos apoyados y respaldados por la instituci\u00f3n\u201d, expres\u00f3 finalmente.<\/p>\n\n\n\n<p>La firma se realiz\u00f3 en la sede central del IDOPPRIL. Cont\u00f3, adem\u00e1s, con la asistencia del ingeniero Luis Rosario, asistente del director ejecutivo; el Dr. Juan Brito, asesor de la Direcci\u00f3n Ejecutiva; Odalis Fernandez; director de Servicio al Usuario; Ronny de Le\u00f3n, encargado de Libre Acceso a la Informaci\u00f3n; Ebert Carela, ecargado legal, Dra. Francis Brito, directora de Prevenci\u00f3n y Laura Moronta, oficial de atenci\u00f3n al cliente.<\/p>\n\n\n\n<p><\/p>\n","protected":false},"excerpt":{"rendered":"<p>El Instituto Dominicano de Prevenci\u00f3n y Protecci\u00f3n de Riesgos Laborales (IDOPPRIL) renov\u00f3 el acuerdo de colaboraci\u00f3n con la Fundaci\u00f3n Yo Tambi\u00e9n Puedo, a favor de los hijos de empleados de la entidad aseguradora con espectro autista o s\u00edndrome de Down. La r\u00fabrica fue realizada por el director ejecutivo del IDOPPRIL, doctor Agust\u00edn Burgos, y la [&hellip;]<\/p>\n","protected":false},"author":2,"featured_media":86552,"comment_status":"open","ping_status":"open","sticky":false,"template":"","format":"standard","meta":{"footnotes":""},"categories":[44],"tags":[845,939,58],"class_list":{"0":"post-86551","1":"post","2":"type-post","3":"status-publish","4":"format-standard","5":"has-post-thumbnail","7":"category-actualidad","8":"tag-ahora-mas-rd","9":"tag-cada-minuto-una-verdad","10":"tag-republica-dominicana"},"aioseo_notices":[],"amp_enabled":true,"_links":{"self":[{"href":"https:\/\/ahoramasrd.com.do\/index.php?rest_route=\/wp\/v2\/posts\/86551","targetHints":{"allow":["GET"]}}],"collection":[{"href":"https:\/\/ahoramasrd.com.do\/index.php?rest_route=\/wp\/v2\/posts"}],"about":[{"href":"https:\/\/ahoramasrd.com.do\/index.php?rest_route=\/wp\/v2\/types\/post"}],"author":[{"embeddable":true,"href":"https:\/\/ahoramasrd.com.do\/index.php?rest_route=\/wp\/v2\/users\/2"}],"replies":[{"embeddable":true,"href":"https:\/\/ahoramasrd.com.do\/index.php?rest_route=%2Fwp%2Fv2%2Fcomments&post=86551"}],"version-history":[{"count":0,"href":"https:\/\/ahoramasrd.com.do\/index.php?rest_route=\/wp\/v2\/posts\/86551\/revisions"}],"wp:featuredmedia":[{"embeddable":true,"href":"https:\/\/ahoramasrd.com.do\/index.php?rest_route=\/"}],"wp:attachment":[{"href":"https:\/\/ahoramasrd.com.do\/index.php?rest_route=%2Fwp%2Fv2%2Fmedia&parent=86551"}],"wp:term":[{"taxonomy":"category","embeddable":true,"href":"https:\/\/ahoramasrd.com.do\/index.php?rest_route=%2Fwp%2Fv2%2Fcategories&post=86551"},{"taxonomy":"post_tag","embeddable":true,"href":"https:\/\/ahoramasrd.com.do\/index.php?rest_route=%2Fwp%2Fv2%2Ftags&post=86551"}],"curies":[{"name":"wp","href":"https:\/\/api.w.org\/{rel}","templated":true}]}}