{"id":86563,"date":"2025-07-11T14:37:11","date_gmt":"2025-07-11T18:37:11","guid":{"rendered":"https:\/\/ahoramasrd.com.do\/?p=86563"},"modified":"2025-07-11T14:37:11","modified_gmt":"2025-07-11T18:37:11","slug":"abinader-llama-amnistia-internacional-a-luchar-contra-bandas-en-haiti","status":"publish","type":"post","link":"https:\/\/ahoramasrd.com.do\/?p=86563","title":{"rendered":"Abinader llama Amnist\u00eda Internacional a luchar contra bandas en Hait\u00ed"},"content":{"rendered":"\n<p>El presidente Luis Abinader se reuni\u00f3 este viernes con el exmandatario Hip\u00f3lito Mej\u00eda para abordar la situaci\u00f3n de crisis en Hait\u00ed, marcada por el incremento de la violencia de bandas armadas que operan en ese pa\u00eds.<\/p>\n\n\n\n<p>Durante el encuentro, el presidente Abinader inst\u00f3 a Amnist\u00eda Internacional a involucrarse activamente en la lucha contra estas bandas criminales.<\/p>\n\n\n\n<p>Afirm\u00f3 que la organizaci\u00f3n de derechos humanos deber\u00eda centrar sus esfuerzos en apoyar la pacificaci\u00f3n del territorio haitiano.<\/p>\n\n\n\n<p>\u201cQue hagan lo que nosotros hemos hecho, que tenemos tres a\u00f1os llamando a la comunidad internacional para que atienda ese problema, y est\u00e1n dejando solo a Hait\u00ed\u201d, manifest\u00f3 el mandatario.<\/p>\n\n\n\n<p>Al finalizar la reuni\u00f3n, Abinader respondi\u00f3 a las recientes cr\u00edticas de Amnist\u00eda Internacional sobre la pol\u00edtica migratoria dominicana.<\/p>\n\n\n\n<p>\u201cQue cojan las firmas que quieran contra las pol\u00edticas migratorias, pero este pa\u00eds va a seguir respetando sus leyes\u201d, declar\u00f3 con firmeza el presidente.<\/p>\n\n\n\n<p>El jefe del Estado reafirm\u00f3 que la Rep\u00fablica Dominicana mantendr\u00e1 su soberan\u00eda y el cumplimiento de su normativa interna, pese a cualquier presi\u00f3n internacional.<\/p>\n","protected":false},"excerpt":{"rendered":"<p>El presidente Luis Abinader se reuni\u00f3 este viernes con el exmandatario Hip\u00f3lito Mej\u00eda para abordar la situaci\u00f3n de crisis en Hait\u00ed, marcada por el incremento de la violencia de bandas armadas que operan en ese pa\u00eds. Durante el encuentro, el presidente Abinader inst\u00f3 a Amnist\u00eda Internacional a involucrarse activamente en la lucha contra estas bandas [&hellip;]<\/p>\n","protected":false},"author":2,"featured_media":86564,"comment_status":"open","ping_status":"open","sticky":false,"template":"","format":"standard","meta":{"footnotes":""},"categories":[44],"tags":[845,939,58],"class_list":{"0":"post-86563","1":"post","2":"type-post","3":"status-publish","4":"format-standard","5":"has-post-thumbnail","7":"category-actualidad","8":"tag-ahora-mas-rd","9":"tag-cada-minuto-una-verdad","10":"tag-republica-dominicana"},"aioseo_notices":[],"amp_enabled":true,"_links":{"self":[{"href":"https:\/\/ahoramasrd.com.do\/index.php?rest_route=\/wp\/v2\/posts\/86563","targetHints":{"allow":["GET"]}}],"collection":[{"href":"https:\/\/ahoramasrd.com.do\/index.php?rest_route=\/wp\/v2\/posts"}],"about":[{"href":"https:\/\/ahoramasrd.com.do\/index.php?rest_route=\/wp\/v2\/types\/post"}],"author":[{"embeddable":true,"href":"https:\/\/ahoramasrd.com.do\/index.php?rest_route=\/wp\/v2\/users\/2"}],"replies":[{"embeddable":true,"href":"https:\/\/ahoramasrd.com.do\/index.php?rest_route=%2Fwp%2Fv2%2Fcomments&post=86563"}],"version-history":[{"count":0,"href":"https:\/\/ahoramasrd.com.do\/index.php?rest_route=\/wp\/v2\/posts\/86563\/revisions"}],"wp:featuredmedia":[{"embeddable":true,"href":"https:\/\/ahoramasrd.com.do\/index.php?rest_route=\/"}],"wp:attachment":[{"href":"https:\/\/ahoramasrd.com.do\/index.php?rest_route=%2Fwp%2Fv2%2Fmedia&parent=86563"}],"wp:term":[{"taxonomy":"category","embeddable":true,"href":"https:\/\/ahoramasrd.com.do\/index.php?rest_route=%2Fwp%2Fv2%2Fcategories&post=86563"},{"taxonomy":"post_tag","embeddable":true,"href":"https:\/\/ahoramasrd.com.do\/index.php?rest_route=%2Fwp%2Fv2%2Ftags&post=86563"}],"curies":[{"name":"wp","href":"https:\/\/api.w.org\/{rel}","templated":true}]}}