{"id":86572,"date":"2025-07-12T13:57:04","date_gmt":"2025-07-12T17:57:04","guid":{"rendered":"https:\/\/ahoramasrd.com.do\/?p=86572"},"modified":"2025-07-12T13:57:04","modified_gmt":"2025-07-12T17:57:04","slug":"mp-recibe-solicitud-de-archivo-definitivo-en-caso-de-querella-contra-angel-martinez","status":"publish","type":"post","link":"https:\/\/ahoramasrd.com.do\/?p=86572","title":{"rendered":"MP recibe solicitud de archivo definitivo en caso de querella contra \u00c1ngel Mart\u00ednez"},"content":{"rendered":"\n<p>Distrito Nacional, R.D. \u2014 El Ministerio P\u00fablico del Distrito Nacional recibi\u00f3 el pasado 2 de julio de 2025 la primera solicitud formal de archivo definitivo de una querella interpuesta contra el comunicador \u00c1ngel Mart\u00ednez, acusado de presunta difamaci\u00f3n e injurias en perjuicio de su colega Varga Vila River\u00f3n.<\/p>\n\n\n\n<p>El proceso judicial se encaminaba por la v\u00eda penal, pero dio un giro tras la disculpa p\u00fablica ofrecida por Mart\u00ednez en el programa \u201cTu Ma\u00f1ana\u201d, donde se dirigi\u00f3 tanto a Varga Vila River\u00f3n como a la tambi\u00e9n comunicadora Colombia Alc\u00e1ntara. Durante la emisi\u00f3n, Mart\u00ednez reconoci\u00f3 su error y expres\u00f3 su arrepentimiento, lo que fue aceptado por los afectados.<\/p>\n\n\n\n<p>Por su parte, el abogado Julio C\u00e9sar Fern\u00e1ndez ha visto con benepl\u00e1cito el cese de estas controversias, argumentando que, al final, no habr\u00edan tenido ning\u00fan resultado ni beneficio para ninguna de las partes. Seg\u00fan Fern\u00e1ndez, en estos casos, existe un choque entre dos derechos fundamentales: el de la libre expresi\u00f3n y difusi\u00f3n del pensamiento y el derecho al honor. Derechos que, en ning\u00fan pa\u00eds democr\u00e1tico, se castigan con prisi\u00f3n.<\/p>\n","protected":false},"excerpt":{"rendered":"<p>Distrito Nacional, R.D. \u2014 El Ministerio P\u00fablico del Distrito Nacional recibi\u00f3 el pasado 2 de julio de 2025 la primera solicitud formal de archivo definitivo de una querella interpuesta contra el comunicador \u00c1ngel Mart\u00ednez, acusado de presunta difamaci\u00f3n e injurias en perjuicio de su colega Varga Vila River\u00f3n. El proceso judicial se encaminaba por la [&hellip;]<\/p>\n","protected":false},"author":2,"featured_media":86573,"comment_status":"open","ping_status":"open","sticky":false,"template":"","format":"standard","meta":{"footnotes":""},"categories":[44],"tags":[845,939,58],"class_list":{"0":"post-86572","1":"post","2":"type-post","3":"status-publish","4":"format-standard","5":"has-post-thumbnail","7":"category-actualidad","8":"tag-ahora-mas-rd","9":"tag-cada-minuto-una-verdad","10":"tag-republica-dominicana"},"aioseo_notices":[],"amp_enabled":true,"_links":{"self":[{"href":"https:\/\/ahoramasrd.com.do\/index.php?rest_route=\/wp\/v2\/posts\/86572","targetHints":{"allow":["GET"]}}],"collection":[{"href":"https:\/\/ahoramasrd.com.do\/index.php?rest_route=\/wp\/v2\/posts"}],"about":[{"href":"https:\/\/ahoramasrd.com.do\/index.php?rest_route=\/wp\/v2\/types\/post"}],"author":[{"embeddable":true,"href":"https:\/\/ahoramasrd.com.do\/index.php?rest_route=\/wp\/v2\/users\/2"}],"replies":[{"embeddable":true,"href":"https:\/\/ahoramasrd.com.do\/index.php?rest_route=%2Fwp%2Fv2%2Fcomments&post=86572"}],"version-history":[{"count":0,"href":"https:\/\/ahoramasrd.com.do\/index.php?rest_route=\/wp\/v2\/posts\/86572\/revisions"}],"wp:featuredmedia":[{"embeddable":true,"href":"https:\/\/ahoramasrd.com.do\/index.php?rest_route=\/"}],"wp:attachment":[{"href":"https:\/\/ahoramasrd.com.do\/index.php?rest_route=%2Fwp%2Fv2%2Fmedia&parent=86572"}],"wp:term":[{"taxonomy":"category","embeddable":true,"href":"https:\/\/ahoramasrd.com.do\/index.php?rest_route=%2Fwp%2Fv2%2Fcategories&post=86572"},{"taxonomy":"post_tag","embeddable":true,"href":"https:\/\/ahoramasrd.com.do\/index.php?rest_route=%2Fwp%2Fv2%2Ftags&post=86572"}],"curies":[{"name":"wp","href":"https:\/\/api.w.org\/{rel}","templated":true}]}}