{"id":86581,"date":"2025-07-13T20:59:17","date_gmt":"2025-07-14T00:59:17","guid":{"rendered":"https:\/\/ahoramasrd.com.do\/?p=86581"},"modified":"2025-07-13T20:59:18","modified_gmt":"2025-07-14T00:59:18","slug":"los-futuros-de-las-acciones-de-eeuu-se-desplomaron-tras-los-nuevos-aranceles-a-la-ue-y-mexico","status":"publish","type":"post","link":"https:\/\/ahoramasrd.com.do\/?p=86581","title":{"rendered":"Los futuros de las acciones de EEUU se desplomaron tras los nuevos aranceles a la UE y M\u00e9xico"},"content":{"rendered":"\n<p>Los futuros de las acciones de Estados Unidos abrieron la noche de este domingo con una ca\u00edda tras los nuevos aranceles del 30% que el presidente Donald Trump anunci\u00f3 este fin de semana para M\u00e9xico y la Uni\u00f3n Europea (UE), dos de los principales socios comerciales del pa\u00eds.<\/p>\n\n\n\n<p>Los futuros del Dow Jones cayeron 200 puntos, o un 0,5%; los del S&amp;P 500 bajaron tambi\u00e9n un 0,5%, mientras que los del Nasdaq se redujeron un 0,6%.<\/p>\n\n\n\n<p>Los mercados contin\u00faan as\u00ed su tendencia negativa desde que Trump anunci\u00f3 el 2 de abril, al que llam\u00f3 \u2018D\u00eda de la Liberaci\u00f3n\u2019, aranceles generalizados para las importaciones de la mayor\u00eda de los pa\u00edses, aunque ha ido postergando las fechas de entrada en vigor y los \u00edndices financieros fluct\u00faan menos ahora.<\/p>\n\n\n\n<p>Aunque otros pa\u00edses y regiones ya han comenzado a recibir cartas de Trump durante las \u00faltimas semanas con anuncios de nuevos aranceles, que ahora entrar\u00e1n en vigor el 1 de agosto, por la falta de acuerdos comerciales, los mercados han reaccionado con particular preocupaci\u00f3n a los de M\u00e9xico y la UE.<\/p>\n\n\n\n<p>M\u00e9xico fue el principal pa\u00eds de origen de las importaciones en Estados Unidos en 2024, con un valor de casi 506.000 millones de d\u00f3lares, seg\u00fan la Oficina del Representante Comercial de Estados Unidos (USTR, en ingl\u00e9s).<\/p>\n\n\n\n<p>Mientras que la Uni\u00f3n Europea, como bloque, export\u00f3 m\u00e1s de 606.000 millones de d\u00f3lares en productos a Estados Unidos en 2024, de acuerdo con la USTR.<\/p>\n\n\n\n<p>La presidenta de la Comisi\u00f3n Europea, Ursula von der Leyen, y la de M\u00e9xico, Claudia Sheinbaum, reaccionaron con cautela.<\/p>\n\n\n\n<p>Von der Leyen anunci\u00f3 este domingo que Bruselas aplazar\u00e1 hasta principios de agosto las contramedidas a los aranceles a las importaciones europeas de acero y aluminio impuestos por Trump en abril para seguir buscando una soluci\u00f3n negociada.<\/p>\n\n\n\n<p>Mientras que Sheinbaum reivindic\u00f3 su estrategia de \u201ccabeza fr\u00eda\u201d al apelar a la \u201cexperiencia\u201d que ha adquirido con las presiones arancelarias de Trump, desde el inicio de su segundo mandato el 20 de enero pasado, al confiar en \u201cllegar un acuerdo con el Gobierno de los Estados Unidos\u201d.<\/p>\n\n\n\n<p>La Uni\u00f3n Europea tendr\u00e1 que tomar medidas \u201cdecisivas\u201d para contrarrestar los aranceles estadounidenses si no se llega a un acuerdo \u201cjusto\u201d con Washington para evitar los grav\u00e1menes amenazados, dijo el domingo el ministro de Finanzas de Alemania.<\/p>\n\n\n\n<p>Lars Klingbeil dijo al peri\u00f3dico Sueddeutsche Zeitung que a\u00fan son necesarias \u201cnegociaciones serias y orientadas a soluciones\u201d con Estados Unidos, pero a\u00f1adi\u00f3 que si fracasan, la UE necesitar\u00e1 \u201ccontramedidas decisivas para proteger los empleos y las empresas en Europa\u201d.<\/p>\n\n\n\n<p>Klingbeil afirm\u00f3 que los aranceles s\u00f3lo tendr\u00edan \u201cperdedores\u201d y \u201camenazar\u00edan a la econom\u00eda estadounidense al menos tanto como a las empresas europeas\u201d.<\/p>\n\n\n\n<p>Dijo que \u201cEuropa sigue decidida y unida: queremos un acuerdo justo\u201d.<\/p>\n\n\n\n<p>\u201cNuestra mano sigue extendida, pero no aceptaremos cualquier cosa\u201d, afirm\u00f3 Klingbeil, a\u00f1adiendo que las medidas de contingencia en caso de no haber acuerdo \u201cdeben seguir prepar\u00e1ndose\u201d.<\/p>\n\n\n\n<p>M\u00e1s tarde el domingo, el canciller Friedrich Merz dijo a la emisora ARD que si los aranceles amenazados entraran en vigor, \u201csuperar\u00edan muchos de los esfuerzos que hemos estado haciendo\u201d para reactivar la econom\u00eda y \u201cgolpear\u00edan a nuestros exportadores en lo m\u00e1s profundo\u201d.<\/p>\n\n\n\n<p>Merz dijo que estaba de acuerdo con el presidente franc\u00e9s, Emmanuel Macron, quien dijo el s\u00e1bado que la UE ten\u00eda que \u201cintensificar la preparaci\u00f3n de contramedidas cre\u00edbles\u201d en caso de que no se llegara a un acuerdo antes del 1 de agosto.<\/p>\n","protected":false},"excerpt":{"rendered":"<p>Los futuros de las acciones de Estados Unidos abrieron la noche de este domingo con una ca\u00edda tras los nuevos aranceles del 30% que el presidente Donald Trump anunci\u00f3 este fin de semana para M\u00e9xico y la Uni\u00f3n Europea (UE), dos de los principales socios comerciales del pa\u00eds. Los futuros del Dow Jones cayeron 200 [&hellip;]<\/p>\n","protected":false},"author":2,"featured_media":86582,"comment_status":"open","ping_status":"open","sticky":false,"template":"","format":"standard","meta":{"footnotes":""},"categories":[48],"tags":[845,939,58],"class_list":{"0":"post-86581","1":"post","2":"type-post","3":"status-publish","4":"format-standard","5":"has-post-thumbnail","7":"category-internacionales","8":"tag-ahora-mas-rd","9":"tag-cada-minuto-una-verdad","10":"tag-republica-dominicana"},"aioseo_notices":[],"amp_enabled":true,"_links":{"self":[{"href":"https:\/\/ahoramasrd.com.do\/index.php?rest_route=\/wp\/v2\/posts\/86581","targetHints":{"allow":["GET"]}}],"collection":[{"href":"https:\/\/ahoramasrd.com.do\/index.php?rest_route=\/wp\/v2\/posts"}],"about":[{"href":"https:\/\/ahoramasrd.com.do\/index.php?rest_route=\/wp\/v2\/types\/post"}],"author":[{"embeddable":true,"href":"https:\/\/ahoramasrd.com.do\/index.php?rest_route=\/wp\/v2\/users\/2"}],"replies":[{"embeddable":true,"href":"https:\/\/ahoramasrd.com.do\/index.php?rest_route=%2Fwp%2Fv2%2Fcomments&post=86581"}],"version-history":[{"count":0,"href":"https:\/\/ahoramasrd.com.do\/index.php?rest_route=\/wp\/v2\/posts\/86581\/revisions"}],"wp:featuredmedia":[{"embeddable":true,"href":"https:\/\/ahoramasrd.com.do\/index.php?rest_route=\/"}],"wp:attachment":[{"href":"https:\/\/ahoramasrd.com.do\/index.php?rest_route=%2Fwp%2Fv2%2Fmedia&parent=86581"}],"wp:term":[{"taxonomy":"category","embeddable":true,"href":"https:\/\/ahoramasrd.com.do\/index.php?rest_route=%2Fwp%2Fv2%2Fcategories&post=86581"},{"taxonomy":"post_tag","embeddable":true,"href":"https:\/\/ahoramasrd.com.do\/index.php?rest_route=%2Fwp%2Fv2%2Ftags&post=86581"}],"curies":[{"name":"wp","href":"https:\/\/api.w.org\/{rel}","templated":true}]}}