{"id":86590,"date":"2025-07-14T11:01:06","date_gmt":"2025-07-14T15:01:06","guid":{"rendered":"https:\/\/ahoramasrd.com.do\/?p=86590"},"modified":"2025-07-14T11:01:07","modified_gmt":"2025-07-14T15:01:07","slug":"melba-grullon-dedica-emotivo-mensaje-a-su-hija-alexandra-en-el-dia-que-cumpliria-27-anos","status":"publish","type":"post","link":"https:\/\/ahoramasrd.com.do\/?p=86590","title":{"rendered":"Melba Grull\u00f3n dedica emotivo mensaje a su hija Alexandra en el d\u00eda que cumplir\u00eda 27 a\u00f1os"},"content":{"rendered":"\n<p>Santo Domingo. \u2013 Hoy, 14 de julio, ser\u00eda un d\u00eda de celebraci\u00f3n para la familia Grull\u00f3n. Alexandra Mar\u00eda Grull\u00f3n de Estrella, joven profesional y figura muy querida por su entorno, cumplir\u00eda 27 a\u00f1os. Sin embargo, su repentina partida en el derrumbe de la discoteca Jet Set el pasado 8 de abril ha transformado esta fecha en una jornada de honda nostalgia.<\/p>\n\n\n\n<p>Su madre, la fil\u00e1ntropa Melba Segura de Grull\u00f3n, comparti\u00f3 este domingo un mensaje profundamente emotivo en memoria de su hija, con palabras de amor, gratitud y una carga po\u00e9tica que ha tocado a cientos de personas en redes sociales.<\/p>\n\n\n\n<p>\u201cFlores para ti en tu cumplea\u00f1os, mi ni\u00f1a\u201d, escribi\u00f3 Grull\u00f3n. \u201cLo material entre nosotras ya no tiene espacio porque t\u00fa y yo volvimos a ser una, como fuimos una vez.\u201d<\/p>\n\n\n\n<p>En su publicaci\u00f3n, record\u00f3 con ternura el amor de Alexandra hacia su padre, sus hermanos, su abuela Petra, y hacia toda la familia: \u201cTe regalo hoy mi recuerdo agradecido por c\u00f3mo amaste a tu padre, por c\u00f3mo lo cuidaste y tambi\u00e9n por tu dedicaci\u00f3n amorosa hacia tus hermanos, tu abuela Petra, t\u00edos, primos, sobrinos, todos los cuales colmaste de atenci\u00f3n y cari\u00f1o.\u201d<\/p>\n\n\n\n<p>Tambi\u00e9n agradeci\u00f3 el amor que su hija le expres\u00f3 \u201ca su manera, y sobre todo en estos \u00faltimos a\u00f1os\u201d, asegurando que no tiene palabras para describirlo. Como cierre, cit\u00f3 con profunda emoci\u00f3n unos versos del poeta Pedro Mir:<\/p>\n\n\n\n<blockquote class=\"wp-block-quote is-layout-flow wp-block-quote-is-layout-flow\">\n<p>\u201cY estar\u00e1n las cenizas del alma en el olvido<br>con un hilo de humo bailando hacia tu ausencia,<br>un arroyo de l\u00e1grimas al pie de una fecha<br>y abiertas, como un INRI, la pupila y las manos<br>esperando a la orilla del mar hasta que vuelvas\u2026\u201d<\/p>\n<\/blockquote>\n\n\n\n<h3 class=\"wp-block-heading\" id=\"h-una-perdida-que-marco-a-una-generacion\">Una p\u00e9rdida que marc\u00f3 a una generaci\u00f3n<\/h3>\n\n\n\n<p>Alexandra Grull\u00f3n de Estrella falleci\u00f3 junto a su esposo, Eduardo Guarionex Estrella Cruz, apenas nueve meses despu\u00e9s de haberse casado. Ambos estaban entre las v\u00edctimas mortales del colapso estructural ocurrido en la discoteca Jet Set, una tragedia que conmovi\u00f3 a todo el pa\u00eds.<\/p>\n\n\n\n<p>Alexandra era gerente de proyectos en Qik Banco Digital Dominicano, desde donde canalizaba su vocaci\u00f3n profesional con pasi\u00f3n, responsabilidad y compromiso. Su entorno la recuerda como \u201cun ser luminoso, emp\u00e1tico y discreto\u201d.<\/p>\n\n\n\n<p>Su legado sigue vivo en quienes la amaron, y su ausencia contin\u00faa dejando un vac\u00edo imposible de llenar.<\/p>\n","protected":false},"excerpt":{"rendered":"<p>Santo Domingo. \u2013 Hoy, 14 de julio, ser\u00eda un d\u00eda de celebraci\u00f3n para la familia Grull\u00f3n. Alexandra Mar\u00eda Grull\u00f3n de Estrella, joven profesional y figura muy querida por su entorno, cumplir\u00eda 27 a\u00f1os. Sin embargo, su repentina partida en el derrumbe de la discoteca Jet Set el pasado 8 de abril ha transformado esta fecha [&hellip;]<\/p>\n","protected":false},"author":2,"featured_media":86591,"comment_status":"open","ping_status":"open","sticky":false,"template":"","format":"standard","meta":{"footnotes":""},"categories":[44],"tags":[845,939,58],"class_list":{"0":"post-86590","1":"post","2":"type-post","3":"status-publish","4":"format-standard","5":"has-post-thumbnail","7":"category-actualidad","8":"tag-ahora-mas-rd","9":"tag-cada-minuto-una-verdad","10":"tag-republica-dominicana"},"aioseo_notices":[],"amp_enabled":true,"_links":{"self":[{"href":"https:\/\/ahoramasrd.com.do\/index.php?rest_route=\/wp\/v2\/posts\/86590","targetHints":{"allow":["GET"]}}],"collection":[{"href":"https:\/\/ahoramasrd.com.do\/index.php?rest_route=\/wp\/v2\/posts"}],"about":[{"href":"https:\/\/ahoramasrd.com.do\/index.php?rest_route=\/wp\/v2\/types\/post"}],"author":[{"embeddable":true,"href":"https:\/\/ahoramasrd.com.do\/index.php?rest_route=\/wp\/v2\/users\/2"}],"replies":[{"embeddable":true,"href":"https:\/\/ahoramasrd.com.do\/index.php?rest_route=%2Fwp%2Fv2%2Fcomments&post=86590"}],"version-history":[{"count":0,"href":"https:\/\/ahoramasrd.com.do\/index.php?rest_route=\/wp\/v2\/posts\/86590\/revisions"}],"wp:featuredmedia":[{"embeddable":true,"href":"https:\/\/ahoramasrd.com.do\/index.php?rest_route=\/"}],"wp:attachment":[{"href":"https:\/\/ahoramasrd.com.do\/index.php?rest_route=%2Fwp%2Fv2%2Fmedia&parent=86590"}],"wp:term":[{"taxonomy":"category","embeddable":true,"href":"https:\/\/ahoramasrd.com.do\/index.php?rest_route=%2Fwp%2Fv2%2Fcategories&post=86590"},{"taxonomy":"post_tag","embeddable":true,"href":"https:\/\/ahoramasrd.com.do\/index.php?rest_route=%2Fwp%2Fv2%2Ftags&post=86590"}],"curies":[{"name":"wp","href":"https:\/\/api.w.org\/{rel}","templated":true}]}}