{"id":86602,"date":"2025-07-14T12:37:40","date_gmt":"2025-07-14T16:37:40","guid":{"rendered":"https:\/\/ahoramasrd.com.do\/?p=86602"},"modified":"2025-07-14T12:37:40","modified_gmt":"2025-07-14T16:37:40","slug":"yeni-berenice-se-desarrolla-una-version-beta-con-ia-para-crear-perfiles-criminales-y-analisis-criminales","status":"publish","type":"post","link":"https:\/\/ahoramasrd.com.do\/?p=86602","title":{"rendered":"Yeni Berenice: Se desarrolla una versi\u00f3n beta con IA para crear perfiles criminales y an\u00e1lisis criminales"},"content":{"rendered":"\n<p>La procuradora general de la Rep\u00fablica, Yeni Berenice Reynoso, ha delineado las prioridades y avances del Ministerio P\u00fablico, enfatizando la necesidad de una planificaci\u00f3n estrat\u00e9gica clara que centre la justicia en las personas y no solo en los expedientes.<\/p>\n\n\n\n<p>Reynoso inform\u00f3 que la instituci\u00f3n est\u00e1 desarrollando un plan estrat\u00e9gico a cinco a\u00f1os con cooperaci\u00f3n internacional y que su objetivo principal es asegurar una justicia que ofrezca respuestas oportunas y tutele de manera efectiva los derechos de las v\u00edctimas.<\/p>\n\n\n\n<p>En este sentido, anunci\u00f3 el lanzamiento del primer concurso de oposici\u00f3n para la integraci\u00f3n de 100 abogados de v\u00edctimas a nivel nacional, quienes comenzar\u00e1n a operar en octubre, saldando as\u00ed una \"deuda hist\u00f3rica\" con las v\u00edctimas.<\/p>\n\n\n\n<p>Protecci\u00f3n a V\u00edctimas y Avances Tecnol\u00f3gicos Clave<br>Manifest\u00f3 que en colaboraci\u00f3n con el Poder Ejecutivo, el Ministerio P\u00fablico ha trabajado en la primera ley de protecci\u00f3n de v\u00edctimas, testigos y dem\u00e1s sujetos procesales en la Rep\u00fablica Dominicana.<\/p>\n\n\n\n<p>Esta legislaci\u00f3n, a su entender, es crucial para que las v\u00edctimas no tengan que asistir a todos los procesos, ya que podr\u00e1n ser representadas por estos nuevos abogados, lo que, seg\u00fan Reynoso, tambi\u00e9n contribuir\u00e1 a mejorar la mora judicial.<\/p>\n\n\n\n<p>Como eje transversal de la modernizaci\u00f3n, dijo que tambi\u00e9n se est\u00e1 impulsando el proyecto G5, buscando una transformaci\u00f3n tecnol\u00f3gica completa del Ministerio P\u00fablico.<\/p>\n\n\n\n<p>La procuradora adelant\u00f3 que se est\u00e1 desarrollando una versi\u00f3n beta de inteligencia artificial para, crear perfiles criminales, realizar an\u00e1lisis criminales, optimizar la gesti\u00f3n de fiscal\u00edas.<\/p>\n\n\n\n<p>Seg\u00fan la Procuradora este proyecto se lleva a cabo en coordinaci\u00f3n con la Fiscal\u00eda General de Chile y el Programa de Cooperaci\u00f3n de la Uni\u00f3n Europea (Pacto 2.0) y que se espera que est\u00e9 en fase de pilotaje antes de finalizar el a\u00f1o 2025, utilizando el talento de j\u00f3venes dominicanos del Instituto Tecnol\u00f3gico de Las Am\u00e9ricas (ITLA).<\/p>\n\n\n\n<p><strong>Fortalecimiento contra el Crimen Organizado<\/strong><br>Berenice Reynoso reafirm\u00f3 su compromiso con el fortalecimiento de la persecuci\u00f3n del crimen organizado, un tema que ha sido \"su bandera\". Record\u00f3 que, como directora de persecuci\u00f3n, se realizaron m\u00e1s de 27 operaciones contra estas estructuras y que actualmente, el Ministerio P\u00fablico, en conjunto con el Poder Ejecutivo, trabaja en un anteproyecto de ley para combatir el crimen organizado, que ya se encuentra en el Congreso.<\/p>\n","protected":false},"excerpt":{"rendered":"<p>La procuradora general de la Rep\u00fablica, Yeni Berenice Reynoso, ha delineado las prioridades y avances del Ministerio P\u00fablico, enfatizando la necesidad de una planificaci\u00f3n estrat\u00e9gica clara que centre la justicia en las personas y no solo en los expedientes. Reynoso inform\u00f3 que la instituci\u00f3n est\u00e1 desarrollando un plan estrat\u00e9gico a cinco a\u00f1os con cooperaci\u00f3n internacional [&hellip;]<\/p>\n","protected":false},"author":2,"featured_media":86603,"comment_status":"open","ping_status":"open","sticky":false,"template":"","format":"standard","meta":{"footnotes":""},"categories":[44],"tags":[845,939,58],"class_list":{"0":"post-86602","1":"post","2":"type-post","3":"status-publish","4":"format-standard","5":"has-post-thumbnail","7":"category-actualidad","8":"tag-ahora-mas-rd","9":"tag-cada-minuto-una-verdad","10":"tag-republica-dominicana"},"aioseo_notices":[],"amp_enabled":true,"_links":{"self":[{"href":"https:\/\/ahoramasrd.com.do\/index.php?rest_route=\/wp\/v2\/posts\/86602","targetHints":{"allow":["GET"]}}],"collection":[{"href":"https:\/\/ahoramasrd.com.do\/index.php?rest_route=\/wp\/v2\/posts"}],"about":[{"href":"https:\/\/ahoramasrd.com.do\/index.php?rest_route=\/wp\/v2\/types\/post"}],"author":[{"embeddable":true,"href":"https:\/\/ahoramasrd.com.do\/index.php?rest_route=\/wp\/v2\/users\/2"}],"replies":[{"embeddable":true,"href":"https:\/\/ahoramasrd.com.do\/index.php?rest_route=%2Fwp%2Fv2%2Fcomments&post=86602"}],"version-history":[{"count":0,"href":"https:\/\/ahoramasrd.com.do\/index.php?rest_route=\/wp\/v2\/posts\/86602\/revisions"}],"wp:featuredmedia":[{"embeddable":true,"href":"https:\/\/ahoramasrd.com.do\/index.php?rest_route=\/"}],"wp:attachment":[{"href":"https:\/\/ahoramasrd.com.do\/index.php?rest_route=%2Fwp%2Fv2%2Fmedia&parent=86602"}],"wp:term":[{"taxonomy":"category","embeddable":true,"href":"https:\/\/ahoramasrd.com.do\/index.php?rest_route=%2Fwp%2Fv2%2Fcategories&post=86602"},{"taxonomy":"post_tag","embeddable":true,"href":"https:\/\/ahoramasrd.com.do\/index.php?rest_route=%2Fwp%2Fv2%2Ftags&post=86602"}],"curies":[{"name":"wp","href":"https:\/\/api.w.org\/{rel}","templated":true}]}}