{"id":87017,"date":"2025-08-09T15:13:00","date_gmt":"2025-08-09T19:13:00","guid":{"rendered":"https:\/\/ahoramasrd.com.do\/?p=87017"},"modified":"2025-08-09T15:13:01","modified_gmt":"2025-08-09T19:13:01","slug":"el-presidente-abinader-muestra-interes-por-querer-cambiar-imagen-de-capotillo-dn","status":"publish","type":"post","link":"https:\/\/ahoramasrd.com.do\/?p=87017","title":{"rendered":"El presidente Abinader muestra inter\u00e9s por querer cambiar imagen de Capotillo, DN"},"content":{"rendered":"\n<p>El presidente Luis Abinader visit\u00f3 este s\u00e1bado el sector de Capotillo, Distrito Nacional, donde evalu\u00f3 los avances del plan que busca fortalecer la seguridad ciudadana y mejorar la calidad de vida de sus habitantes, que ejecuta el Ministerio de Interior y Polic\u00eda y Polic\u00eda Nacional.<\/p>\n\n\n\n<p>El mandatario explic\u00f3 que el proyecto no solo contempla acciones de seguridad, sino tambi\u00e9n la construcci\u00f3n de m\u00e1s escuelas, centros comunitarios, instituciones t\u00e9cnicas y otras obras de infraestructura.<\/p>\n\n\n\n<p>\u201cQueremos transformar la imagen de Capotillo, igual que hicimos con la Duarte con Par\u00eds, donde antes reinaba el caos y hoy es un espacio renovado\u201d, expres\u00f3.<\/p>\n\n\n\n<p>El jefe de Estado indic\u00f3 que ya se han realizado dos reuniones en el Palacio Nacional para coordinar las acciones, las cuales estar\u00e1n lideradas por la alcaldesa Carolina Mej\u00eda con el respaldo del&nbsp;<strong>Gobierno centra<\/strong>l. Asimismo, se\u00f1al\u00f3 que a\u00fan se requiere m\u00e1s trabajo para mostrar resultados tangibles, y que su visita busca evaluar en el terreno el plan propuesto antes de tomar decisiones finales.<\/p>\n\n\n\n<p>Las declaraciones del mandatario se produjeron durante la supervisi\u00f3n al stand del Instituto de Estabilizaci\u00f3n de Precios (Inespre), que benefici\u00f3 a cientos de residentes de Capotillo y zonas cercanas con una jornada de ventas de alimentos a precios bajos.<\/p>\n\n\n\n<h5 class=\"wp-block-heading\"><strong>VENTA DE PRODUCTOS A PRECIOS BAJOS<\/strong><\/h5>\n\n\n\n<p>Durante el recorrido, el director del Inespre, David Herrera D\u00edaz, explic\u00f3 al presidente Abinader los programas que actualmente ejecuta la entidad oficial.<\/p>\n\n\n\n<p>El operativo incluy\u00f3 la venta de productos como arroz a 30 pesos la libra; pollo a 50 pesos la libra; cart\u00f3n de huevos a 160 pesos; pl\u00e1tanos a 2 pesos; papa a 30 pesos la libra; 400 gramos de habichuelas a 50 pesos; az\u00facar a 30 pesos la libra, entre otros.<\/p>\n\n\n\n<p>Herrera D\u00edaz destac\u00f3 que se mantienen programas como bodegas m\u00f3viles, mercados de productores y nuevas rutas como \u201cGuineo a peso\u201d, con el objetivo de conectar directamente a productores y consumidores, reduciendo los costos.<\/p>\n\n\n\n<h5 class=\"wp-block-heading\"><strong>Supervisa Jornada de Inclusi\u00f3n Social<\/strong><\/h5>\n\n\n\n<p>Posteriormente, el mandatario, junto al director de la Direcci\u00f3n de Programas Especiales de la Presidencia (Propeep), Robert Polanco, se traslad\u00f3 a la Escuela B\u00e1sica Salom\u00e9 Ure\u00f1a para visitar la Jornada de Inclusi\u00f3n Social, realizada como parte de la intervenci\u00f3n integral que ejecuta el Gobierno en el sector desde el pasado mes de junio.<\/p>\n\n\n\n<p>Al dirigirse a los presentes, el gobernante manifest\u00f3 que con estas acciones su Gobierno busca devolver a la poblaci\u00f3n lo que paga con sus impuestos.<\/p>\n\n\n\n<p>Durante la jornada, cientos de personas en condiciones de vulnerabilidad recibieron servicios de distintas entidades estatales que forman parte de las pol\u00edticas sociales del Gobierno.<\/p>\n\n\n\n<h5 class=\"wp-block-heading\"><strong>Iluminaci\u00f3n, educaci\u00f3n y recreaci\u00f3n en Capotillo<\/strong><\/h5>\n\n\n\n<p>Luego, el mandatario, acompa\u00f1ado por la ministra de Interior y Polic\u00eda, Faride Raful, y el director de la Polic\u00eda Nacional, mayor general Ram\u00f3n Antonio Guzm\u00e1n Peralta, encabez\u00f3 la entrega de 500 l\u00e1mparas para el alumbrado p\u00fablico, 500 mochilas escolares y 18 canchas m\u00f3viles, con el objetivo de reforzar la iluminaci\u00f3n, la educaci\u00f3n y la recreaci\u00f3n en la comunidad.<\/p>\n\n\n\n<p>La ministra de Interior y Polic\u00eda resalt\u00f3 que la instalaci\u00f3n de luminarias contribuir\u00e1 a reforzar la seguridad ciudadana en las calles, mientras que la entrega de mochilas escolares busca apoyar la educaci\u00f3n de los ni\u00f1os y j\u00f3venes del sector. Asimismo, las canchas m\u00f3viles ofrecer\u00e1n espacios recreativos para fomentar el deporte y la sana convivencia.<\/p>\n\n\n\n<p>Esta actividad forma parte de las acciones del Gobierno para mejorar la calidad de vida en las comunidades, fortaleciendo la seguridad, la educaci\u00f3n y el desarrollo social en todo el pa\u00eds.<\/p>\n\n\n\n<h5 class=\"wp-block-heading\"><strong>Supervisa programa Familia Inclusiva<\/strong><\/h5>\n\n\n\n<p>El jefe de Estado, junto al presidente de la Comisi\u00f3n Presidencial de Apoyo al Desarrollo Barrial, Rolfi Rojas, concluy\u00f3 su jornada de trabajo con la supervisi\u00f3n de los trabajos del programa Familia Inclusiva que ejecuta el Gobierno. En el marco de este programa, miles de familias vulnerables del sector recibieron apoyo mediante la entrega de raciones de comida, enseres y electrodom\u00e9sticos, as\u00ed como el embellecimiento de sus viviendas y la reparaci\u00f3n de techos y caminos vecinales.<\/p>\n\n\n\n<p>Durante el recorrido, el mandatario visit\u00f3 una de las viviendas intervenidas, donde convers\u00f3 con la familia propietaria y les comparti\u00f3 parte de los planes de intervenci\u00f3n para el sector.<\/p>\n\n\n\n<p>Acompa\u00f1aron al presidente Abinader, los ministros de Interior y Polic\u00eda, Faride Raful; de Educaci\u00f3n, Luis Miguel De Camps; la alcaldesa del Distrito Nacional Carolina Mej\u00eda; el director de la Polic\u00eda Nacional mayor general Ram\u00f3n Antonio Guzm\u00e1n Peralta; los directores de Inespre David Herrera D\u00edaz; de Propeep, Robert Polanco; del Plan Social de la Presidencia; Yadira Henr\u00edquez;&nbsp; de Desarrollo de la Comunidad, Modesto Guzm\u00e1n y el presidente de la Comisi\u00f3n Presidencial de Apoyo Barrial, Rolfi Rojas.<\/p>\n","protected":false},"excerpt":{"rendered":"<p>El presidente Luis Abinader visit\u00f3 este s\u00e1bado el sector de Capotillo, Distrito Nacional, donde evalu\u00f3 los avances del plan que busca fortalecer la seguridad ciudadana y mejorar la calidad de vida de sus habitantes, que ejecuta el Ministerio de Interior y Polic\u00eda y Polic\u00eda Nacional. El mandatario explic\u00f3 que el proyecto no solo contempla acciones [&hellip;]<\/p>\n","protected":false},"author":2,"featured_media":87018,"comment_status":"open","ping_status":"open","sticky":false,"template":"","format":"standard","meta":{"footnotes":""},"categories":[44],"tags":[845,939,58],"class_list":{"0":"post-87017","1":"post","2":"type-post","3":"status-publish","4":"format-standard","5":"has-post-thumbnail","7":"category-actualidad","8":"tag-ahora-mas-rd","9":"tag-cada-minuto-una-verdad","10":"tag-republica-dominicana"},"aioseo_notices":[],"amp_enabled":true,"_links":{"self":[{"href":"https:\/\/ahoramasrd.com.do\/index.php?rest_route=\/wp\/v2\/posts\/87017","targetHints":{"allow":["GET"]}}],"collection":[{"href":"https:\/\/ahoramasrd.com.do\/index.php?rest_route=\/wp\/v2\/posts"}],"about":[{"href":"https:\/\/ahoramasrd.com.do\/index.php?rest_route=\/wp\/v2\/types\/post"}],"author":[{"embeddable":true,"href":"https:\/\/ahoramasrd.com.do\/index.php?rest_route=\/wp\/v2\/users\/2"}],"replies":[{"embeddable":true,"href":"https:\/\/ahoramasrd.com.do\/index.php?rest_route=%2Fwp%2Fv2%2Fcomments&post=87017"}],"version-history":[{"count":0,"href":"https:\/\/ahoramasrd.com.do\/index.php?rest_route=\/wp\/v2\/posts\/87017\/revisions"}],"wp:featuredmedia":[{"embeddable":true,"href":"https:\/\/ahoramasrd.com.do\/index.php?rest_route=\/"}],"wp:attachment":[{"href":"https:\/\/ahoramasrd.com.do\/index.php?rest_route=%2Fwp%2Fv2%2Fmedia&parent=87017"}],"wp:term":[{"taxonomy":"category","embeddable":true,"href":"https:\/\/ahoramasrd.com.do\/index.php?rest_route=%2Fwp%2Fv2%2Fcategories&post=87017"},{"taxonomy":"post_tag","embeddable":true,"href":"https:\/\/ahoramasrd.com.do\/index.php?rest_route=%2Fwp%2Fv2%2Ftags&post=87017"}],"curies":[{"name":"wp","href":"https:\/\/api.w.org\/{rel}","templated":true}]}}