{"id":87374,"date":"2025-09-08T21:46:48","date_gmt":"2025-09-09T01:46:48","guid":{"rendered":"https:\/\/ahoramasrd.com.do\/?p=87374"},"modified":"2025-09-08T21:46:49","modified_gmt":"2025-09-09T01:46:49","slug":"maduro-vuelve-a-decretar-el-inicio-de-la-navidad-en-venezuela-desde-el-1-octubre","status":"publish","type":"post","link":"https:\/\/ahoramasrd.com.do\/?p=87374","title":{"rendered":"Maduro vuelve a decretar el inicio de la Navidad en Venezuela desde el 1 octubre"},"content":{"rendered":"\n<p><strong>Caracas<\/strong>.- El presidente de Venezuela, Nicol\u00e1s Maduro, anunci\u00f3 este lunes el adelanto de las fiestas navide\u00f1as para el pr\u00f3ximo 1 de octubre, en medio de la tensi\u00f3n entre Caracas y Washington por el despliegue militar estadounidense en aguas del Caribe.<\/p>\n\n\n\n<blockquote class=\"wp-block-quote is-layout-flow wp-block-quote-is-layout-flow\">\n<p>\"Vamos a aplicar la f\u00f3rmula de otros a\u00f1os, que nos ha ido muy bien, para la econom\u00eda, para la cultura, para la alegr\u00eda, la felicidad, y vamos a decretar que desde el 1 de octubre arranca la Navidad en Venezuela otra vez, este a\u00f1o tambi\u00e9n\", afirm\u00f3 el gobernante en su programa semanal 'Con Maduro +', transmitido por el canal estatal Venezolana de Televisi\u00f3n (VTV<\/p>\n<\/blockquote>\n\n\n\n<p>A juicio del jefe de Estado, anticipar las fiestas de diciembre es una forma de defender el \"derecho a la felicidad, a la alegr\u00eda\".<\/p>\n\n\n\n<p>En ese sentido, a\u00f1adi\u00f3 que \"nada ni nadie en este mundo\" le puede \"quitar\" al pa\u00eds esa posibilidad.<\/p>\n\n\n\n<p>Asimismo, Maduro se\u00f1al\u00f3 que el 2025 ha sido \"un a\u00f1o bueno\" y \"bonito\" y de \"avance\" en todas las \u00e1reas.<\/p>\n\n\n\n<p>\"De las dificultades ha surgido lo mejor de nosotros, la capacidad de rehacernos y de reconstruirnos y de hacernos de nuevo\", expres\u00f3.<\/p>\n\n\n\n<p>El presidente venezolano ha decretado el \"adelanto\" de la Navidad en varias oportunidades desde que lleg\u00f3 al poder en 2013.<\/p>\n\n\n\n<p>El 2 de septiembre del a\u00f1o pasado, Maduro tambi\u00e9n anticip\u00f3 la fiesta navide\u00f1a \"en homenaje\" y \"en agradecimiento\" a los venezolanos luego de las presidenciales del 28 de julio, en las que el Consejo Nacional Electoral (CNE), integrado por rectores afines al chavismo, proclam\u00f3 su victoria en los comicios, pese a las denuncias de fraude de la oposici\u00f3n mayoritaria, lo cual desat\u00f3 una crisis pol\u00edtica en el pa\u00eds.<\/p>\n\n\n\n<p><\/p>\n","protected":false},"excerpt":{"rendered":"<p>Caracas.- El presidente de Venezuela, Nicol\u00e1s Maduro, anunci\u00f3 este lunes el adelanto de las fiestas navide\u00f1as para el pr\u00f3ximo 1 de octubre, en medio de la tensi\u00f3n entre Caracas y Washington por el despliegue militar estadounidense en aguas del Caribe. \"Vamos a aplicar la f\u00f3rmula de otros a\u00f1os, que nos ha ido muy bien, para [&hellip;]<\/p>\n","protected":false},"author":2,"featured_media":87375,"comment_status":"open","ping_status":"open","sticky":false,"template":"","format":"standard","meta":{"footnotes":""},"categories":[48],"tags":[845,939,58],"class_list":{"0":"post-87374","1":"post","2":"type-post","3":"status-publish","4":"format-standard","5":"has-post-thumbnail","7":"category-internacionales","8":"tag-ahora-mas-rd","9":"tag-cada-minuto-una-verdad","10":"tag-republica-dominicana"},"aioseo_notices":[],"amp_enabled":true,"_links":{"self":[{"href":"https:\/\/ahoramasrd.com.do\/index.php?rest_route=\/wp\/v2\/posts\/87374","targetHints":{"allow":["GET"]}}],"collection":[{"href":"https:\/\/ahoramasrd.com.do\/index.php?rest_route=\/wp\/v2\/posts"}],"about":[{"href":"https:\/\/ahoramasrd.com.do\/index.php?rest_route=\/wp\/v2\/types\/post"}],"author":[{"embeddable":true,"href":"https:\/\/ahoramasrd.com.do\/index.php?rest_route=\/wp\/v2\/users\/2"}],"replies":[{"embeddable":true,"href":"https:\/\/ahoramasrd.com.do\/index.php?rest_route=%2Fwp%2Fv2%2Fcomments&post=87374"}],"version-history":[{"count":0,"href":"https:\/\/ahoramasrd.com.do\/index.php?rest_route=\/wp\/v2\/posts\/87374\/revisions"}],"wp:featuredmedia":[{"embeddable":true,"href":"https:\/\/ahoramasrd.com.do\/index.php?rest_route=\/"}],"wp:attachment":[{"href":"https:\/\/ahoramasrd.com.do\/index.php?rest_route=%2Fwp%2Fv2%2Fmedia&parent=87374"}],"wp:term":[{"taxonomy":"category","embeddable":true,"href":"https:\/\/ahoramasrd.com.do\/index.php?rest_route=%2Fwp%2Fv2%2Fcategories&post=87374"},{"taxonomy":"post_tag","embeddable":true,"href":"https:\/\/ahoramasrd.com.do\/index.php?rest_route=%2Fwp%2Fv2%2Ftags&post=87374"}],"curies":[{"name":"wp","href":"https:\/\/api.w.org\/{rel}","templated":true}]}}