{"id":87534,"date":"2025-09-26T22:42:26","date_gmt":"2025-09-27T02:42:26","guid":{"rendered":"https:\/\/ahoramasrd.com.do\/?p=87534"},"modified":"2025-09-26T22:42:27","modified_gmt":"2025-09-27T02:42:27","slug":"autobus-de-caribe-tour-choca-contra-estacion-del-metro-en-la-nunez-de-caceres-y-hiere-empleada","status":"publish","type":"post","link":"https:\/\/ahoramasrd.com.do\/?p=87534","title":{"rendered":"Autob\u00fas de Caribe Tour choca contra estaci\u00f3n del Metro en la N\u00fa\u00f1ez de C\u00e1ceres y hiere empleada"},"content":{"rendered":"\n<p>La Oficina Para el Reordenamiento del Transporte (Opret) inform\u00f3 que alrededor de las las 9:04 de la noche de este viernes un autob\u00fas de la empresa Caribe Tours colision\u00f3 contra la caseta de acceso de la estaci\u00f3n Pedro Francisco Bon\u00f3, perteneciente a la L\u00ednea 2 del Metro de Santo Domingo, ubicada en la avenida John F. Kennedy, esquina avenida N\u00fa\u00f1ez de C\u00e1ceres.<\/p>\n\n\n\n<p>\u201cProducto del impacto, una colaboradora de nuestra instituci\u00f3n result\u00f3 herida. Su condici\u00f3n de salud se encuentra bajo evaluaci\u00f3n m\u00e9dica y, tan pronto tengamos informaci\u00f3n confirmada, ser\u00e1 oportunamente comunicada\u201d, explicaron en un comunicado.<\/p>\n\n\n\n<p>Como medida preventiva, la entidad suspendi\u00f3 temporalmente la parada de trenes en esa estaci\u00f3n hasta que se concluyan las revisiones t\u00e9cnicas y de seguridad necesarias.<\/p>\n\n\n\n<p>\u201cReiteramos nuestro compromiso con la seguridad de nuestros usuarios y colaboradores, y agradecemos la comprensi\u00f3n de la ciudadan\u00eda mientras se normaliza la operaci\u00f3n en este punto de la red\u201d, dice la Opret.<\/p>\n\n\n\n<p>Se desconoce lo que provoc\u00f3 este choque, pero varios videos reportan escombros en el suelo y miembros del sistema de emergencia.<\/p>\n","protected":false},"excerpt":{"rendered":"<p>La Oficina Para el Reordenamiento del Transporte (Opret) inform\u00f3 que alrededor de las las 9:04 de la noche de este viernes un autob\u00fas de la empresa Caribe Tours colision\u00f3 contra la caseta de acceso de la estaci\u00f3n Pedro Francisco Bon\u00f3, perteneciente a la L\u00ednea 2 del Metro de Santo Domingo, ubicada en la avenida John [&hellip;]<\/p>\n","protected":false},"author":2,"featured_media":87535,"comment_status":"open","ping_status":"open","sticky":false,"template":"","format":"standard","meta":{"footnotes":""},"categories":[44],"tags":[845,939,58],"class_list":{"0":"post-87534","1":"post","2":"type-post","3":"status-publish","4":"format-standard","5":"has-post-thumbnail","7":"category-actualidad","8":"tag-ahora-mas-rd","9":"tag-cada-minuto-una-verdad","10":"tag-republica-dominicana"},"aioseo_notices":[],"amp_enabled":true,"_links":{"self":[{"href":"https:\/\/ahoramasrd.com.do\/index.php?rest_route=\/wp\/v2\/posts\/87534","targetHints":{"allow":["GET"]}}],"collection":[{"href":"https:\/\/ahoramasrd.com.do\/index.php?rest_route=\/wp\/v2\/posts"}],"about":[{"href":"https:\/\/ahoramasrd.com.do\/index.php?rest_route=\/wp\/v2\/types\/post"}],"author":[{"embeddable":true,"href":"https:\/\/ahoramasrd.com.do\/index.php?rest_route=\/wp\/v2\/users\/2"}],"replies":[{"embeddable":true,"href":"https:\/\/ahoramasrd.com.do\/index.php?rest_route=%2Fwp%2Fv2%2Fcomments&post=87534"}],"version-history":[{"count":0,"href":"https:\/\/ahoramasrd.com.do\/index.php?rest_route=\/wp\/v2\/posts\/87534\/revisions"}],"wp:featuredmedia":[{"embeddable":true,"href":"https:\/\/ahoramasrd.com.do\/index.php?rest_route=\/"}],"wp:attachment":[{"href":"https:\/\/ahoramasrd.com.do\/index.php?rest_route=%2Fwp%2Fv2%2Fmedia&parent=87534"}],"wp:term":[{"taxonomy":"category","embeddable":true,"href":"https:\/\/ahoramasrd.com.do\/index.php?rest_route=%2Fwp%2Fv2%2Fcategories&post=87534"},{"taxonomy":"post_tag","embeddable":true,"href":"https:\/\/ahoramasrd.com.do\/index.php?rest_route=%2Fwp%2Fv2%2Ftags&post=87534"}],"curies":[{"name":"wp","href":"https:\/\/api.w.org\/{rel}","templated":true}]}}