{"id":87578,"date":"2025-10-04T13:30:20","date_gmt":"2025-10-04T17:30:20","guid":{"rendered":"https:\/\/ahoramasrd.com.do\/?p=87578"},"modified":"2025-10-04T13:30:21","modified_gmt":"2025-10-04T17:30:21","slug":"edesur-e-infotep-graduan-a-35-jovenes-en-instalacion-de-paneles-fotovoltaicos","status":"publish","type":"post","link":"https:\/\/ahoramasrd.com.do\/?p=87578","title":{"rendered":"Edesur e Infotep grad\u00faan a 35 j\u00f3venes en instalaci\u00f3n de paneles fotovoltaicos"},"content":{"rendered":"\n<p>Con el objetivo de impulsar el desarrollo de energ\u00edas renovables, incentivar la inserci\u00f3n laboral y el emprendimiento, Edesur Dominicana y el Instituto de Formaci\u00f3n T\u00e9cnico Profesional (INFOTEP) graduaron a 35 estudiantes de Azua y Barahona como t\u00e9cnicos en \u201cInstalaci\u00f3n de Paneles Solares Fotovoltaicos\u201d.<\/p>\n\n\n\n<p>La capacitaci\u00f3n forma parte de la implementaci\u00f3n del Programa de Expansi\u00f3n de Redes y Reducci\u00f3n de P\u00e9rdidas T\u00e9cnicas en Distribuci\u00f3n que desarrolla el gobierno dominicano con respaldo financiero del Banco Interamericano de Desarrollo (BID).<br>Durante el acto de graduaci\u00f3n, que se desarroll\u00f3 en el auditorio Antonio M\u00e9ndez del Recinto de la Universidad Aut\u00f3noma de Santo Domingo (UASD) en Barahona, los representantes de Edesur Dominicana valoraron la relevancia de la capacitaci\u00f3n t\u00e9cnica realizada, debido a que la Rep\u00fablica Dominicana ha aumentado en m\u00e1s de un 137 % su capacidad de generaci\u00f3n de energ\u00eda a partir de fuentes renovables.<\/p>\n\n\n\n<p>Citaron que, como parte de esa realidad, hasta diciembre del a\u00f1o pasado, el 23.32 % de toda la energ\u00eda generada en el pa\u00eds fue renovable. Asimismo, destacaron que la distribuidora tiene contratos de exclusividad con al menos diez generadoras fotovoltaicas y que, durante los primeros siete meses de este a\u00f1o, el 11.6 % de la energ\u00eda comprada por la empresa para suplir su servicio a sus clientes provino de fuentes solares.<\/p>\n\n\n\n<p>El Programa de Expansi\u00f3n de Redes y Reducci\u00f3n de P\u00e9rdidas T\u00e9cnicas en Distribuci\u00f3n, incluye la construcci\u00f3n y habilitaci\u00f3n de nuevas subestaciones de distribuci\u00f3n y sus redes asociadas; la rehabilitaci\u00f3n y adecuaci\u00f3n de subestaciones y redes existentes; el fortalecimiento institucional, administraci\u00f3n y monitoreo del programa.<\/p>\n\n\n\n<p>La iniciativa busca mejorar la eficiencia operativa de Edesur, reducir p\u00e9rdidas, garantizar mayor continuidad en el servicio y seguir elevando la calidad del abastecimiento el\u00e9ctrico. Tiene como prop\u00f3sito ampliar la capacidad del sistema de distribuci\u00f3n energ\u00e9tica para atender la creciente demanda de infraestructuras resistentes, modernas, y ambientalmente sostenibles.<\/p>\n\n\n\n<p>Los 23 hombres y 12 mujeres capacitados fueron certificados para instalar, operar y dar mantenimiento a sistemas solares, lo que les permitir\u00e1 insertarse en el mercado laboral o emprender como t\u00e9cnicos independientes.<\/p>\n\n\n\n<p>A cada uno se les entregaron kits de herramientas el\u00e9ctricas que facilitar\u00e1n su labor como t\u00e9cnicos certificados.<br>Para los participantes el curso en \u201cInstalaci\u00f3n de Paneles Solares Fotovoltaicos\u201d no solo fue la culminaci\u00f3n de un aprendizaje sino el inicio de nuevas oportunidades, lo que, consideraron, repercutir\u00e1 en su crecimiento t\u00e9cnico-profesional.<\/p>\n\n\n\n<p>El acto de graduaci\u00f3n fue encabezado, por parte de Edesur Dominicana, por la directora de Proyectos de Edesur, Marcelina Paniagua, y la gerente de Gesti\u00f3n Social de Edesur, Jenny Garc\u00eda; y por el Infotep, la directora de la Regional Sur, Santa Cuevas.<\/p>\n\n\n\n<p>Tambi\u00e9n, participaron el coronel Jaime Cornielle, inspector de la Escuela Vocacional de Barahona y Juan Bautista Ram\u00edrez, director del Centro Tecnol\u00f3gico Comunitario (CTC) de Azua, entre otros.<\/p>\n","protected":false},"excerpt":{"rendered":"<p>Con el objetivo de impulsar el desarrollo de energ\u00edas renovables, incentivar la inserci\u00f3n laboral y el emprendimiento, Edesur Dominicana y el Instituto de Formaci\u00f3n T\u00e9cnico Profesional (INFOTEP) graduaron a 35 estudiantes de Azua y Barahona como t\u00e9cnicos en \u201cInstalaci\u00f3n de Paneles Solares Fotovoltaicos\u201d. La capacitaci\u00f3n forma parte de la implementaci\u00f3n del Programa de Expansi\u00f3n de [&hellip;]<\/p>\n","protected":false},"author":2,"featured_media":87579,"comment_status":"open","ping_status":"open","sticky":false,"template":"","format":"standard","meta":{"footnotes":""},"categories":[44],"tags":[845,939,58],"class_list":{"0":"post-87578","1":"post","2":"type-post","3":"status-publish","4":"format-standard","5":"has-post-thumbnail","7":"category-actualidad","8":"tag-ahora-mas-rd","9":"tag-cada-minuto-una-verdad","10":"tag-republica-dominicana"},"aioseo_notices":[],"amp_enabled":true,"_links":{"self":[{"href":"https:\/\/ahoramasrd.com.do\/index.php?rest_route=\/wp\/v2\/posts\/87578","targetHints":{"allow":["GET"]}}],"collection":[{"href":"https:\/\/ahoramasrd.com.do\/index.php?rest_route=\/wp\/v2\/posts"}],"about":[{"href":"https:\/\/ahoramasrd.com.do\/index.php?rest_route=\/wp\/v2\/types\/post"}],"author":[{"embeddable":true,"href":"https:\/\/ahoramasrd.com.do\/index.php?rest_route=\/wp\/v2\/users\/2"}],"replies":[{"embeddable":true,"href":"https:\/\/ahoramasrd.com.do\/index.php?rest_route=%2Fwp%2Fv2%2Fcomments&post=87578"}],"version-history":[{"count":0,"href":"https:\/\/ahoramasrd.com.do\/index.php?rest_route=\/wp\/v2\/posts\/87578\/revisions"}],"wp:featuredmedia":[{"embeddable":true,"href":"https:\/\/ahoramasrd.com.do\/index.php?rest_route=\/"}],"wp:attachment":[{"href":"https:\/\/ahoramasrd.com.do\/index.php?rest_route=%2Fwp%2Fv2%2Fmedia&parent=87578"}],"wp:term":[{"taxonomy":"category","embeddable":true,"href":"https:\/\/ahoramasrd.com.do\/index.php?rest_route=%2Fwp%2Fv2%2Fcategories&post=87578"},{"taxonomy":"post_tag","embeddable":true,"href":"https:\/\/ahoramasrd.com.do\/index.php?rest_route=%2Fwp%2Fv2%2Ftags&post=87578"}],"curies":[{"name":"wp","href":"https:\/\/api.w.org\/{rel}","templated":true}]}}