{"id":87597,"date":"2025-10-07T19:55:12","date_gmt":"2025-10-07T23:55:12","guid":{"rendered":"https:\/\/ahoramasrd.com.do\/?p=87597"},"modified":"2025-10-07T19:55:12","modified_gmt":"2025-10-07T23:55:12","slug":"rafael-paz-denuncia-suplantacion-de-identidad-para-intento-de-estafa-utilizando-su-nombre-e-imagen","status":"publish","type":"post","link":"https:\/\/ahoramasrd.com.do\/?p=87597","title":{"rendered":"Rafael Paz denuncia suplantaci\u00f3n de identidad para intento de estafa utilizando su nombre e imagen"},"content":{"rendered":"\n<p>Santo Domingo. \u2013 El presidente de la Fuerza del Pueblo en el Distrito Nacional, Rafael Paz, denunci\u00f3 este martes la utilizaci\u00f3n indebida de su nombre, imagen y datos personales por parte de personas desaprensivas que, a trav\u00e9s de un n\u00famero telef\u00f3nico, intentan estafar a terceros.<\/p>\n\n\n\n<p>El dirigente pol\u00edtico explic\u00f3 que desconocidos han estado utilizando fotograf\u00edas suyas y otras informaciones personales con el prop\u00f3sito de enga\u00f1ar a ciudadanos mediante llamadas y mensajes fraudulentos.<\/p>\n\n\n\n<p>Paz exhort\u00f3 a la poblaci\u00f3n a no dejarse confundir ni responder a ning\u00fan contacto sospechoso, y a reportar de inmediato cualquier intento de estafa a las autoridades competentes.<\/p>\n\n\n\n<p>La denuncia fue puesta en conocimiento de la Polic\u00eda Nacional y del Ministerio P\u00fablico, a fin de que se realicen las investigaciones correspondientes y se establezcan las responsabilidades de lugar conforme a la ley.<\/p>\n\n\n\n<p>Finalmente, Rafael Paz reiter\u00f3 su compromiso con la transparencia y la verdad, y advirti\u00f3 que tomar\u00e1 las acciones legales pertinentes para salvaguardar su nombre, reputaci\u00f3n y la confianza de los ciudadanos frente a este hecho fraudulento.<\/p>\n","protected":false},"excerpt":{"rendered":"<p>Santo Domingo. \u2013 El presidente de la Fuerza del Pueblo en el Distrito Nacional, Rafael Paz, denunci\u00f3 este martes la utilizaci\u00f3n indebida de su nombre, imagen y datos personales por parte de personas desaprensivas que, a trav\u00e9s de un n\u00famero telef\u00f3nico, intentan estafar a terceros. El dirigente pol\u00edtico explic\u00f3 que desconocidos han estado utilizando fotograf\u00edas [&hellip;]<\/p>\n","protected":false},"author":2,"featured_media":87598,"comment_status":"open","ping_status":"open","sticky":false,"template":"","format":"standard","meta":{"footnotes":""},"categories":[44],"tags":[845,939,58],"class_list":{"0":"post-87597","1":"post","2":"type-post","3":"status-publish","4":"format-standard","5":"has-post-thumbnail","7":"category-actualidad","8":"tag-ahora-mas-rd","9":"tag-cada-minuto-una-verdad","10":"tag-republica-dominicana"},"aioseo_notices":[],"amp_enabled":true,"_links":{"self":[{"href":"https:\/\/ahoramasrd.com.do\/index.php?rest_route=\/wp\/v2\/posts\/87597","targetHints":{"allow":["GET"]}}],"collection":[{"href":"https:\/\/ahoramasrd.com.do\/index.php?rest_route=\/wp\/v2\/posts"}],"about":[{"href":"https:\/\/ahoramasrd.com.do\/index.php?rest_route=\/wp\/v2\/types\/post"}],"author":[{"embeddable":true,"href":"https:\/\/ahoramasrd.com.do\/index.php?rest_route=\/wp\/v2\/users\/2"}],"replies":[{"embeddable":true,"href":"https:\/\/ahoramasrd.com.do\/index.php?rest_route=%2Fwp%2Fv2%2Fcomments&post=87597"}],"version-history":[{"count":0,"href":"https:\/\/ahoramasrd.com.do\/index.php?rest_route=\/wp\/v2\/posts\/87597\/revisions"}],"wp:featuredmedia":[{"embeddable":true,"href":"https:\/\/ahoramasrd.com.do\/index.php?rest_route=\/"}],"wp:attachment":[{"href":"https:\/\/ahoramasrd.com.do\/index.php?rest_route=%2Fwp%2Fv2%2Fmedia&parent=87597"}],"wp:term":[{"taxonomy":"category","embeddable":true,"href":"https:\/\/ahoramasrd.com.do\/index.php?rest_route=%2Fwp%2Fv2%2Fcategories&post=87597"},{"taxonomy":"post_tag","embeddable":true,"href":"https:\/\/ahoramasrd.com.do\/index.php?rest_route=%2Fwp%2Fv2%2Ftags&post=87597"}],"curies":[{"name":"wp","href":"https:\/\/api.w.org\/{rel}","templated":true}]}}