{"id":87614,"date":"2025-10-11T15:04:51","date_gmt":"2025-10-11T19:04:51","guid":{"rendered":"https:\/\/ahoramasrd.com.do\/?p=87614"},"modified":"2025-10-11T15:04:52","modified_gmt":"2025-10-11T19:04:52","slug":"raquel-pena-expresa-preocupacion-por-la-cantidad-de-embarazos-en-adolescentes","status":"publish","type":"post","link":"https:\/\/ahoramasrd.com.do\/?p=87614","title":{"rendered":"Raquel Pe\u00f1a expresa preocupaci\u00f3n por la cantidad de embarazos en adolescentes"},"content":{"rendered":"\n<p>La vicepresidenta de la Rep\u00fablica, Raquel Pe\u00f1a, expres\u00f3 este s\u00e1bado su preocupaci\u00f3n por la cantidad de adolescentes embarazadas en la Rep\u00fablica Dominicana.<\/p>\n\n\n\n<p>\u201cEs un gran problema que tenemos a nivel nacional y que estamos trabajando con las adolescentes embarazadas. Estamos trabajando en varios planes sociales para disminuir esas estad\u00edsticas que de verdad no nos sentimos orgullosos\u201d, se\u00f1al\u00f3 la vicepresidenta.<\/p>\n\n\n\n<p>Raquel Pe\u00f1a ofreci\u00f3 estas declaraciones durante el Foro Internacional con la firma de la Declaraci\u00f3n Iberoamericana sobre Salud Mental y Sistema Penitenciario, celebrado en el Auditorio Profesor Juan Bosch de la Biblioteca Nacional Pedro Henr\u00edquez Ure\u00f1a, organizado por la Oficina Nacional de Apoyo a la Reforma Penitenciaria (ONAPREP).<\/p>\n\n\n\n<p>Se recuerda que las cifras de embarazos en adolescentes en el pa\u00eds siguen siendo alarmantes, especialmente entre las menores de 15 a\u00f1os. Los datos m\u00e1s recientes publicados por la Oficina Nacional de Estad\u00edstica (ONE) revelan que hasta el segundo trimestre del 2025 se registraron 7,791 embarazos en adolescentesa nivel nacional solo en este a\u00f1o.<\/p>\n\n\n\n<p>De ese total, el 94.87 % (7,391 casos) correspondi\u00f3 a adolescentes entre 15 y 19 a\u00f1os, mientras que un 5.13 %, es decir 400 casos, fue de embarazos en menores de 15 a\u00f1os de edad.<\/p>\n","protected":false},"excerpt":{"rendered":"<p>La vicepresidenta de la Rep\u00fablica, Raquel Pe\u00f1a, expres\u00f3 este s\u00e1bado su preocupaci\u00f3n por la cantidad de adolescentes embarazadas en la Rep\u00fablica Dominicana. \u201cEs un gran problema que tenemos a nivel nacional y que estamos trabajando con las adolescentes embarazadas. Estamos trabajando en varios planes sociales para disminuir esas estad\u00edsticas que de verdad no nos sentimos [&hellip;]<\/p>\n","protected":false},"author":2,"featured_media":87615,"comment_status":"open","ping_status":"open","sticky":false,"template":"","format":"standard","meta":{"footnotes":""},"categories":[44],"tags":[845,939,58],"class_list":{"0":"post-87614","1":"post","2":"type-post","3":"status-publish","4":"format-standard","5":"has-post-thumbnail","7":"category-actualidad","8":"tag-ahora-mas-rd","9":"tag-cada-minuto-una-verdad","10":"tag-republica-dominicana"},"aioseo_notices":[],"amp_enabled":true,"_links":{"self":[{"href":"https:\/\/ahoramasrd.com.do\/index.php?rest_route=\/wp\/v2\/posts\/87614","targetHints":{"allow":["GET"]}}],"collection":[{"href":"https:\/\/ahoramasrd.com.do\/index.php?rest_route=\/wp\/v2\/posts"}],"about":[{"href":"https:\/\/ahoramasrd.com.do\/index.php?rest_route=\/wp\/v2\/types\/post"}],"author":[{"embeddable":true,"href":"https:\/\/ahoramasrd.com.do\/index.php?rest_route=\/wp\/v2\/users\/2"}],"replies":[{"embeddable":true,"href":"https:\/\/ahoramasrd.com.do\/index.php?rest_route=%2Fwp%2Fv2%2Fcomments&post=87614"}],"version-history":[{"count":0,"href":"https:\/\/ahoramasrd.com.do\/index.php?rest_route=\/wp\/v2\/posts\/87614\/revisions"}],"wp:featuredmedia":[{"embeddable":true,"href":"https:\/\/ahoramasrd.com.do\/index.php?rest_route=\/"}],"wp:attachment":[{"href":"https:\/\/ahoramasrd.com.do\/index.php?rest_route=%2Fwp%2Fv2%2Fmedia&parent=87614"}],"wp:term":[{"taxonomy":"category","embeddable":true,"href":"https:\/\/ahoramasrd.com.do\/index.php?rest_route=%2Fwp%2Fv2%2Fcategories&post=87614"},{"taxonomy":"post_tag","embeddable":true,"href":"https:\/\/ahoramasrd.com.do\/index.php?rest_route=%2Fwp%2Fv2%2Ftags&post=87614"}],"curies":[{"name":"wp","href":"https:\/\/api.w.org\/{rel}","templated":true}]}}