{"id":89178,"date":"2026-03-12T21:37:21","date_gmt":"2026-03-13T01:37:21","guid":{"rendered":"https:\/\/ahoramasrd.com.do\/?p=89178"},"modified":"2026-03-12T21:37:23","modified_gmt":"2026-03-13T01:37:23","slug":"abinader-inaugura-feria-agropecuaria-nacional-con-corea-del-sur-como-pais-invitado","status":"publish","type":"post","link":"https:\/\/ahoramasrd.com.do\/?p=89178","title":{"rendered":"Abinader inaugura Feria Agropecuaria Nacional con Corea del Sur como pa\u00eds invitado"},"content":{"rendered":"\n<p>El presidente Luis Abinader encabez\u00f3 este jueves la inauguraci\u00f3n de la trig\u00e9sima octava Feria Agropecuaria Nacional, organizada por el Patronato Nacional de Ganaderos (PNG).<\/p>\n\n\n\n<p>Con fuegos artificiales, bailes t\u00edpicos y piruetas a caballo, qued\u00f3 inaugurada la Feria, un evento que este a\u00f1o hace \u00e9nfasis en la mecanizaci\u00f3n del campo dominicano y el uso de tecnolog\u00edas que ayudan a impulsar la productividad en el sector agropecuario.<\/p>\n\n\n\n<p>La exposici\u00f3n se lleva a cabo en la Ciudad Ganadera Julio Antonio Bracho Arzeno, y se extender\u00e1 desde este jueves 12 de marzo hasta el 22 de marzo.<\/p>\n\n\n\n<p>El Patronato Nacional de Ganaderos inform\u00f3 que en esta edici\u00f3n participar\u00e1n 70 fincas; una exhibici\u00f3n ganadera de 515 animales bovinos, entre ellos 278 lecheros y 400 caprinos y ovinos.<\/p>\n\n\n\n<p>El evento tambi\u00e9n integrar\u00e1 la exhibici\u00f3n de 330 caballos que competir\u00e1n en disciplinas como Paso Hig\u00fceyano, Paso Fino, reining y rodeo infantil.<\/p>\n\n\n\n<p>En la misma se podr\u00e1 disfrutar de exhibiciones ganaderas, de razas bovinas de alto nivel gen\u00e9tico, demostraciones de maquinaria agr\u00edcola, muestras de innovaci\u00f3n tecnol\u00f3gica, actividades educativas, espacios gastron\u00f3micos y presentaciones culturales, as\u00ed como \u00e1reas de recreaci\u00f3n para toda la familia.<\/p>\n\n\n\n<p>La edici\u00f3n de este a\u00f1o cuenta adem\u00e1s con Corea del Sur como pa\u00eds invitado, naci\u00f3n reconocida por su liderazgo en innovaci\u00f3n tecnol\u00f3gica y agricultura inteligente.<\/p>\n","protected":false},"excerpt":{"rendered":"<p>El presidente Luis Abinader encabez\u00f3 este jueves la inauguraci\u00f3n de la trig\u00e9sima octava Feria Agropecuaria Nacional, organizada por el Patronato Nacional de Ganaderos (PNG). Con fuegos artificiales, bailes t\u00edpicos y piruetas a caballo, qued\u00f3 inaugurada la Feria, un evento que este a\u00f1o hace \u00e9nfasis en la mecanizaci\u00f3n del campo dominicano y el uso de tecnolog\u00edas [&hellip;]<\/p>\n","protected":false},"author":2,"featured_media":0,"comment_status":"open","ping_status":"open","sticky":false,"template":"","format":"standard","meta":{"footnotes":""},"categories":[44],"tags":[845,939,58],"class_list":{"0":"post-89178","1":"post","2":"type-post","3":"status-publish","4":"format-standard","6":"category-actualidad","7":"tag-ahora-mas-rd","8":"tag-cada-minuto-una-verdad","9":"tag-republica-dominicana"},"aioseo_notices":[],"amp_enabled":true,"_links":{"self":[{"href":"https:\/\/ahoramasrd.com.do\/index.php?rest_route=\/wp\/v2\/posts\/89178","targetHints":{"allow":["GET"]}}],"collection":[{"href":"https:\/\/ahoramasrd.com.do\/index.php?rest_route=\/wp\/v2\/posts"}],"about":[{"href":"https:\/\/ahoramasrd.com.do\/index.php?rest_route=\/wp\/v2\/types\/post"}],"author":[{"embeddable":true,"href":"https:\/\/ahoramasrd.com.do\/index.php?rest_route=\/wp\/v2\/users\/2"}],"replies":[{"embeddable":true,"href":"https:\/\/ahoramasrd.com.do\/index.php?rest_route=%2Fwp%2Fv2%2Fcomments&post=89178"}],"version-history":[{"count":0,"href":"https:\/\/ahoramasrd.com.do\/index.php?rest_route=\/wp\/v2\/posts\/89178\/revisions"}],"wp:attachment":[{"href":"https:\/\/ahoramasrd.com.do\/index.php?rest_route=%2Fwp%2Fv2%2Fmedia&parent=89178"}],"wp:term":[{"taxonomy":"category","embeddable":true,"href":"https:\/\/ahoramasrd.com.do\/index.php?rest_route=%2Fwp%2Fv2%2Fcategories&post=89178"},{"taxonomy":"post_tag","embeddable":true,"href":"https:\/\/ahoramasrd.com.do\/index.php?rest_route=%2Fwp%2Fv2%2Ftags&post=89178"}],"curies":[{"name":"wp","href":"https:\/\/api.w.org\/{rel}","templated":true}]}}