{"id":89182,"date":"2026-03-13T11:59:09","date_gmt":"2026-03-13T15:59:09","guid":{"rendered":"https:\/\/ahoramasrd.com.do\/?p=89182"},"modified":"2026-03-13T11:59:11","modified_gmt":"2026-03-13T15:59:11","slug":"raquel-pena-participa-en-desayuno-conferencia-de-fasa-con-disertacion-del-magistrado-luis-henry-molina","status":"publish","type":"post","link":"https:\/\/ahoramasrd.com.do\/?p=89182","title":{"rendered":"Raquel Pe\u00f1a participa en desayuno-conferencia de FASA con disertaci\u00f3n del magistrado Luis Henry Molina"},"content":{"rendered":"\n<p>La vicepresidenta de la Rep\u00fablica, Raquel Pe\u00f1a, particip\u00f3 este viernes en el tradicional Desayuno-Conferencia Empresarial Manuel Arsenio Ure\u00f1a, organizado por la Fundaci\u00f3n Arquidiocesana Santiago Ap\u00f3stol (FASA), en apoyo a la labor pastoral y social que desarrolla la Arquidi\u00f3cesis de Santiago.<\/p>\n\n\n\n<p>El encuentro cont\u00f3 con la disertaci\u00f3n del magistrado Luis Henry Molina, presidente de la Suprema Corte de Justicia y del Consejo del Poder Judicial, quien abord\u00f3 el tema \u201cLa dignidad como eje de la justicia: desaf\u00edos para la familia y la empresa\u201d.<\/p>\n\n\n\n<p>Durante su intervenci\u00f3n, Molina se\u00f1al\u00f3 que la dignidad humana constituye el l\u00edmite del poder y sostuvo que toda ley adquiere sentido cuando protege lo esencial de cada persona.<\/p>\n\n\n\n<p>El magistrado explic\u00f3 que la justicia est\u00e1 llamada a proteger derechos, ordenar la convivencia y garantizar la dignidad de la persona, contribuyendo adem\u00e1s a fortalecer relaciones sociales m\u00e1s sanas y entornos seguros para el desarrollo de la ciudadan\u00eda.<\/p>\n\n\n\n<p>Molina tambi\u00e9n destac\u00f3 los avances en el proceso de transformaci\u00f3n del Poder Judicial, se\u00f1alando progresos en la digitalizaci\u00f3n de los servicios judiciales y en la reducci\u00f3n de la mora procesal.<\/p>\n\n\n\n<p>Asimismo, anunci\u00f3 el proyecto de construcci\u00f3n de la Ciudad Judicial de Santiago, iniciativa que permitir\u00e1 mejorar las condiciones de atenci\u00f3n y funcionamiento del sistema de justicia en la regi\u00f3n.<\/p>\n\n\n\n<p>\u201cEl Palacio Judicial de Santiago tiene su historia y lo vamos a convertir en una ciudad judicial donde cada proceso tenga su espacio y los ciudadanos puedan recibir un servicio con mayor eficacia\u201d, expres\u00f3.<\/p>\n\n\n\n<p>Al finalizar sus palabras, el magistrado afirm\u00f3 que \u201cel desarrollo econ\u00f3mico es el cuerpo de una sociedad, la dignidad y la familia son su alma, y la justicia existe para protegerla\u201d.<\/p>\n\n\n\n<p>Por su parte, el presidente de la Fundaci\u00f3n Arquidiocesana Santiago Ap\u00f3stol (FASA), Jos\u00e9 Manuel Ure\u00f1a, destac\u00f3 que la dignidad humana debe orientar las decisiones, las leyes y las responsabilidades de las instituciones.<\/p>\n\n\n\n<p>Ure\u00f1a se\u00f1al\u00f3 que en tiempos de cambios profundos resulta valioso generar espacios de reflexi\u00f3n sobre los valores que deben guiar la convivencia social y el fortalecimiento institucional.<\/p>\n\n\n\n<p>La actividad se realiz\u00f3 en el Gran Sal\u00f3n Sam\u00e1n del Hotel Santiago Curio Collection by Hilton y comenz\u00f3 con una oraci\u00f3n dirigida por monse\u00f1or H\u00e9ctor Rafael Rodr\u00edguez Rodr\u00edguez, arzobispo metropolitano de Santiago.<\/p>\n\n\n\n<p>El desayuno-conferencia cont\u00f3 con el respaldo de diversas instituciones y empresas, entre ellas Banco Popular, Asociaci\u00f3n Cibao de Ahorros y Pr\u00e9stamos, Grupo BOCEL, Universal de Seguros, Grupo TADUG, Banco BHD, la Pontificia Universidad Cat\u00f3lica Madre y Maestra (PUCMM) y Estrella &amp; Tupete.<\/p>\n","protected":false},"excerpt":{"rendered":"<p>La vicepresidenta de la Rep\u00fablica, Raquel Pe\u00f1a, particip\u00f3 este viernes en el tradicional Desayuno-Conferencia Empresarial Manuel Arsenio Ure\u00f1a, organizado por la Fundaci\u00f3n Arquidiocesana Santiago Ap\u00f3stol (FASA), en apoyo a la labor pastoral y social que desarrolla la Arquidi\u00f3cesis de Santiago. El encuentro cont\u00f3 con la disertaci\u00f3n del magistrado Luis Henry Molina, presidente de la Suprema [&hellip;]<\/p>\n","protected":false},"author":2,"featured_media":0,"comment_status":"open","ping_status":"open","sticky":false,"template":"","format":"standard","meta":{"footnotes":""},"categories":[44],"tags":[845,939,58],"class_list":{"0":"post-89182","1":"post","2":"type-post","3":"status-publish","4":"format-standard","6":"category-actualidad","7":"tag-ahora-mas-rd","8":"tag-cada-minuto-una-verdad","9":"tag-republica-dominicana"},"aioseo_notices":[],"amp_enabled":true,"_links":{"self":[{"href":"https:\/\/ahoramasrd.com.do\/index.php?rest_route=\/wp\/v2\/posts\/89182","targetHints":{"allow":["GET"]}}],"collection":[{"href":"https:\/\/ahoramasrd.com.do\/index.php?rest_route=\/wp\/v2\/posts"}],"about":[{"href":"https:\/\/ahoramasrd.com.do\/index.php?rest_route=\/wp\/v2\/types\/post"}],"author":[{"embeddable":true,"href":"https:\/\/ahoramasrd.com.do\/index.php?rest_route=\/wp\/v2\/users\/2"}],"replies":[{"embeddable":true,"href":"https:\/\/ahoramasrd.com.do\/index.php?rest_route=%2Fwp%2Fv2%2Fcomments&post=89182"}],"version-history":[{"count":0,"href":"https:\/\/ahoramasrd.com.do\/index.php?rest_route=\/wp\/v2\/posts\/89182\/revisions"}],"wp:attachment":[{"href":"https:\/\/ahoramasrd.com.do\/index.php?rest_route=%2Fwp%2Fv2%2Fmedia&parent=89182"}],"wp:term":[{"taxonomy":"category","embeddable":true,"href":"https:\/\/ahoramasrd.com.do\/index.php?rest_route=%2Fwp%2Fv2%2Fcategories&post=89182"},{"taxonomy":"post_tag","embeddable":true,"href":"https:\/\/ahoramasrd.com.do\/index.php?rest_route=%2Fwp%2Fv2%2Ftags&post=89182"}],"curies":[{"name":"wp","href":"https:\/\/api.w.org\/{rel}","templated":true}]}}