{"id":91973,"date":"2026-04-30T11:22:37","date_gmt":"2026-04-30T15:22:37","guid":{"rendered":"https:\/\/ahoramasrd.com.do\/?p=91973"},"modified":"2026-04-30T11:22:37","modified_gmt":"2026-04-30T15:22:37","slug":"sheinbaum-exige-pruebas-a-eeuu-tras-su-acusacion-contra-el-gobernador-de-sinaloa","status":"publish","type":"post","link":"https:\/\/ahoramasrd.com.do\/?p=91973","title":{"rendered":"Sheinbaum exige pruebas a EEUU tras su acusaci\u00f3n contra el gobernador de Sinaloa"},"content":{"rendered":"\n<p><strong>Ciudad de M\u00e9xico, (EFE).- <\/strong>La<strong><a href=\"https:\/\/eyr.com.do\/eeuu-acusa-gobernador-sinaloa-narcotrafico-cartel\/\"> presidenta de M\u00e9xico, Claudia Sheinbaum, <\/a><\/strong>afirm\u00f3 este jueves que su Gobierno no encubrir\u00e1 a ning\u00fan funcionario acusado de v\u00ednculos con el narcotr\u00e1fico, pero advirti\u00f3 que no permitir\u00e1 \u201cla intromisi\u00f3n o injerencia de un gobierno extranjero\u201d tras la acusaci\u00f3n de Estados Unidos contra el gobernador de Sinaloa, Rub\u00e9n Rocha Moya, y otros nueve funcionarios.<br><br><strong>\u201cNosotros no vamos a cubrir a nadie que haya cometido un delito. Sin embargo, si no existen pruebas claras, es evidente que el objetivo de estas imputaciones por parte del departamento de justicia es pol\u00edtico\u201d, se\u00f1al\u00f3 la mandataria al leer un comunicado durante su conferencia de prensa matutina.<\/strong><\/p>\n\n\n\n<h2 class=\"wp-block-heading\" id=\"h-cargos-por-presuntos-delitos-de-narcotrafico-y-armas-contra-diez-ciudadanos-mexicanos\">Cargos por presuntos delitos de narcotr\u00e1fico y armas contra diez ciudadanos mexicanos<\/h2>\n\n\n\n<p>La reacci\u00f3n de Sheinbaum ocurre luego de que el mi\u00e9rcoles el Departamento de Justicia de EE.UU., a trav\u00e9s de la Fiscal\u00eda del Distrito Sur de Nueva York, hiciera p\u00fablicos cargos por presuntos delitos de narcotr\u00e1fico y armas contra diez ciudadanos mexicanos, entre ellos Rocha Moya, un senador por Sinaloa y el alcalde de Culiac\u00e1n (capital del estado), a quienes vincula con el Cartel de Sinaloa, particularmente con la facci\u00f3n de Los Chapitos.<\/p>\n\n\n\n<p>En su comunicado, la gobernante mexicana explic\u00f3 que el 28 de abril la Secretar\u00eda de Relaciones Exteriores (SRE) recibi\u00f3 diez solicitudes de detenci\u00f3n provisional con fines de extradici\u00f3n, mismas que fueron turnadas un d\u00eda despu\u00e9s a la Fiscal\u00eda General de la Rep\u00fablica (FGR) para su evaluaci\u00f3n conforme a la legislaci\u00f3n mexicana.<\/p>\n\n\n\n<h2 class=\"wp-block-heading\" id=\"h-estos-procesos-son-confidenciales\">\u00abEstos procesos son confidenciales\u00bb<\/h2>\n\n\n\n<p>Sobre la publicaci\u00f3n de la acusaci\u00f3n por parte de las autoridades estadounidenses, Sheinbaum cuestion\u00f3 la difusi\u00f3n del documento.<\/p>\n\n\n\n<p>\u201cEsto lleva un extra\u00f1amiento del jur\u00eddico de relaciones exteriores, dado que estos procesos son confidenciales acorde con los tratados en la materia\u201d, se\u00f1al\u00f3.<\/p>\n\n\n\n<p>La mandataria subray\u00f3 que corresponde a la FGR determinar si existen elementos de prueba suficientes para proceder en territorio mexicano.<\/p>\n\n\n\n<p>\u00abSi la Fiscal\u00eda General de la Rep\u00fablica, que es la autoridad competente, recibe pruebas contundentes e irrefutables, conforme a la legislaci\u00f3n mexicana o en su propia investigaci\u00f3n encuentre elementos constitutivos de un delito, deber\u00e1 proceder conforme a derecho bajo nuestra jurisdicci\u00f3n\u00bb, sostuvo.<\/p>\n\n\n\n<h2 class=\"wp-block-heading\" id=\"h-cuestiona-las-pruebas\">Cuestiona las pruebas<\/h2>\n\n\n\n<p>Asimismo, critic\u00f3 que, seg\u00fan la informaci\u00f3n enviada por Estados Unidos las pruebas se basan en el \u00abdicho de una persona\u00bb pero insisti\u00f3 que deben haber \u00abpruebas contundentes\u00bb para que se gire una orden de aprehensi\u00f3n.<\/p>\n\n\n\n<p>El caso ha provocado un fuerte sismo pol\u00edtico en M\u00e9xico, en medio de tensiones con Washington y de la pol\u00e9mica reciente por la presunta presencia de agentes estadounidenses en Chihuahua en operativos contra el narcotr\u00e1fico.<\/p>\n\n\n\n<p>Tras conocerse la acusaci\u00f3n, Rocha Moya rechaz\u00f3 \u00abcateg\u00f3rica y absolutamente\u00bb los se\u00f1alamientos y los calific\u00f3 como un ataque contra su persona y contra el movimiento pol\u00edtico encabezado por Sheinbaum.<\/p>\n\n\n\n<p>La presidenta insisti\u00f3 en que la relaci\u00f3n con Estados Unidos debe darse en t\u00e9rminos de igualdad.<\/p>\n\n\n\n<p>\u00abM\u00e9xico establece una relaci\u00f3n de iguales con todas las naciones. Nunca de subordinaci\u00f3n y menos de entreguismo\u00bb, concluy\u00f3.<\/p>\n\n\n\n<p>Fuente: EFE<\/p>\n","protected":false},"excerpt":{"rendered":"<p>Ciudad de M\u00e9xico, (EFE).- La presidenta de M\u00e9xico, Claudia Sheinbaum, afirm\u00f3 este jueves que su Gobierno no encubrir\u00e1 a ning\u00fan funcionario acusado de v\u00ednculos con el narcotr\u00e1fico, pero advirti\u00f3 que no permitir\u00e1 \u201cla intromisi\u00f3n o injerencia de un gobierno extranjero\u201d tras la acusaci\u00f3n de Estados Unidos contra el gobernador de Sinaloa, Rub\u00e9n Rocha Moya, y [&hellip;]<\/p>\n","protected":false},"author":2,"featured_media":91974,"comment_status":"open","ping_status":"open","sticky":false,"template":"","format":"standard","meta":{"footnotes":""},"categories":[44,48],"tags":[845,939,101,716,3296],"class_list":{"0":"post-91973","1":"post","2":"type-post","3":"status-publish","4":"format-standard","5":"has-post-thumbnail","7":"category-actualidad","8":"category-internacionales","9":"tag-ahora-mas-rd","10":"tag-cada-minuto-una-verdad","11":"tag-eeuu","12":"tag-mexico-2","13":"tag-sheinbaum"},"aioseo_notices":[],"amp_enabled":true,"_links":{"self":[{"href":"https:\/\/ahoramasrd.com.do\/index.php?rest_route=\/wp\/v2\/posts\/91973","targetHints":{"allow":["GET"]}}],"collection":[{"href":"https:\/\/ahoramasrd.com.do\/index.php?rest_route=\/wp\/v2\/posts"}],"about":[{"href":"https:\/\/ahoramasrd.com.do\/index.php?rest_route=\/wp\/v2\/types\/post"}],"author":[{"embeddable":true,"href":"https:\/\/ahoramasrd.com.do\/index.php?rest_route=\/wp\/v2\/users\/2"}],"replies":[{"embeddable":true,"href":"https:\/\/ahoramasrd.com.do\/index.php?rest_route=%2Fwp%2Fv2%2Fcomments&post=91973"}],"version-history":[{"count":1,"href":"https:\/\/ahoramasrd.com.do\/index.php?rest_route=\/wp\/v2\/posts\/91973\/revisions"}],"predecessor-version":[{"id":91975,"href":"https:\/\/ahoramasrd.com.do\/index.php?rest_route=\/wp\/v2\/posts\/91973\/revisions\/91975"}],"wp:featuredmedia":[{"embeddable":true,"href":"https:\/\/ahoramasrd.com.do\/index.php?rest_route=\/wp\/v2\/media\/91974"}],"wp:attachment":[{"href":"https:\/\/ahoramasrd.com.do\/index.php?rest_route=%2Fwp%2Fv2%2Fmedia&parent=91973"}],"wp:term":[{"taxonomy":"category","embeddable":true,"href":"https:\/\/ahoramasrd.com.do\/index.php?rest_route=%2Fwp%2Fv2%2Fcategories&post=91973"},{"taxonomy":"post_tag","embeddable":true,"href":"https:\/\/ahoramasrd.com.do\/index.php?rest_route=%2Fwp%2Fv2%2Ftags&post=91973"}],"curies":[{"name":"wp","href":"https:\/\/api.w.org\/{rel}","templated":true}]}}