{"id":91976,"date":"2026-04-30T12:53:29","date_gmt":"2026-04-30T16:53:29","guid":{"rendered":"https:\/\/ahoramasrd.com.do\/?p=91976"},"modified":"2026-04-30T12:53:30","modified_gmt":"2026-04-30T16:53:30","slug":"cine-frente-al-mar-primera-edicion-del-cabarete-film-festival-2026","status":"publish","type":"post","link":"https:\/\/ahoramasrd.com.do\/?p=91976","title":{"rendered":"Cine frente al mar, primera edici\u00f3n del Cabarete Film Festival 2026"},"content":{"rendered":"\n<p>Cabarete, Rep\u00fablica Dominicana. \u2013 La playa de Cabarete ser\u00e1 el escenario de una experiencia cinematogr\u00e1fica \u00fanica los d\u00edas 1 y 2 de mayo de 2026, con la celebraci\u00f3n del primer Cabarete Film Festival, en la Playa Cabarete frente al Hotel Villa Taina, una propuesta cultural gratuita para la comunidad de la empresa Cabarete Tango, que combina cine dominicano, mar y comunidad en un formato \u00edntimo.<\/p>\n\n\n\n<p>Este evento (ya registrado oficialmente ante la DGCine y con el apoyo de la Cinemateca Dominicana, entidad que gestion\u00f3 las pel\u00edculas) presentar\u00e1 una cuidada selecci\u00f3n de producciones nacionales en proyecciones frente al mar, bajo las estrellas en el Hotel Villa Taina.&nbsp;<\/p>\n\n\n\n<p>Como uno de sus principales atractivos, el festival contar\u00e1 con la presencia de los reconocidos directores Iv\u00e1n Herrera, David Maler y Humberto Tav\u00e1rez, quienes estar\u00e1n personalmente a Cabarete para presentar sus pel\u00edculas: <em>Bant\u00fa Mama<\/em>, <em>Cuarencena<\/em> y <em>Familia P\u00e9rez Rodr\u00edguez<\/em>, respectivamente.<\/p>\n\n\n\n<p>Cada proyecci\u00f3n estar\u00e1 acompa\u00f1ada de un cineforo en vivo, donde el p\u00fablico tendr\u00e1 la oportunidad de interactuar directamente con los directores, realizar preguntas y compartir impresiones sobre sus pel\u00edculas, generando un espacio cercano y enriquecedor entre creadores y audiencia.<\/p>\n\n\n\n<p>El festival, de entrada gratuita y cupo limitado, busca posicionar a Cabarete como un destino que tambi\u00e9n apuesta por la cultura y el cine, integrando su identidad natural con propuestas art\u00edsticas de calidad.<\/p>\n\n\n\n<p>Adem\u00e1s de las proyecciones, el evento incluir\u00e1 dos experiencias musicales: un after party el viernes 1 de mayo con DJ Har\u00fa y un cierre en vivo el s\u00e1bado 2 de mayo con la banda Mache Mache<\/p>\n\n\n\n<p>En el marco del festival, se realizar\u00e1 tambi\u00e9n una ceremonia de reconocimiento a destacados directores del cine dominicano, encabezada por Marianna Vargas, directora de la DGCine, y Leonardo Wehe, presidente de Cabarete Tango. Los homenajeados ser\u00e1n:<\/p>\n\n\n\n<ul class=\"wp-block-list\">\n<li>Iv\u00e1n Herrera<\/li>\n\n\n\n<li>Jos\u00e9 Mar\u00eda Cabral<\/li>\n\n\n\n<li>Laura Amelia Guzm\u00e1n<\/li>\n\n\n\n<li>Israel Cardenas\u00a0<\/li>\n\n\n\n<li>Humberto Tav\u00e1rez<\/li>\n\n\n\n<li>David Maler<\/li>\n\n\n\n<li>Tabar\u00e9 Blanchard<\/li>\n<\/ul>\n\n\n\n<p>El Cabarete Film Festival 2026 marca un hito como la primera iniciativa de este tipo en el destino, destac\u00e1ndose adem\u00e1s por su enfoque exclusivo en el cine dominicano, promoviendo el talento local en un entorno \u00fanico.<\/p>\n\n\n\n<p>P\u00e1gina web oficial:<br><a href=\"http:\/\/www.cabaretefilm.com\/\" target=\"_blank\" rel=\"noreferrer noopener\"><strong>www.cabaretefilm.com<\/strong><\/a><\/p>\n\n\n\n<p>Para m\u00e1s informaci\u00f3n y actualizaciones:<br>Instagram: <strong>@cabaretefilm<\/strong><\/p>\n","protected":false},"excerpt":{"rendered":"<p>Cabarete, Rep\u00fablica Dominicana. \u2013 La playa de Cabarete ser\u00e1 el escenario de una experiencia cinematogr\u00e1fica \u00fanica los d\u00edas 1 y 2 de mayo de 2026, con la celebraci\u00f3n del primer Cabarete Film Festival, en la Playa Cabarete frente al Hotel Villa Taina, una propuesta cultural gratuita para la comunidad de la empresa Cabarete Tango, que [&hellip;]<\/p>\n","protected":false},"author":2,"featured_media":91977,"comment_status":"open","ping_status":"open","sticky":false,"template":"","format":"standard","meta":{"footnotes":""},"categories":[55],"tags":[845,939,626,58],"class_list":{"0":"post-91976","1":"post","2":"type-post","3":"status-publish","4":"format-standard","5":"has-post-thumbnail","7":"category-entretenimiento","8":"tag-ahora-mas-rd","9":"tag-cada-minuto-una-verdad","10":"tag-cine","11":"tag-republica-dominicana"},"aioseo_notices":[],"amp_enabled":true,"_links":{"self":[{"href":"https:\/\/ahoramasrd.com.do\/index.php?rest_route=\/wp\/v2\/posts\/91976","targetHints":{"allow":["GET"]}}],"collection":[{"href":"https:\/\/ahoramasrd.com.do\/index.php?rest_route=\/wp\/v2\/posts"}],"about":[{"href":"https:\/\/ahoramasrd.com.do\/index.php?rest_route=\/wp\/v2\/types\/post"}],"author":[{"embeddable":true,"href":"https:\/\/ahoramasrd.com.do\/index.php?rest_route=\/wp\/v2\/users\/2"}],"replies":[{"embeddable":true,"href":"https:\/\/ahoramasrd.com.do\/index.php?rest_route=%2Fwp%2Fv2%2Fcomments&post=91976"}],"version-history":[{"count":1,"href":"https:\/\/ahoramasrd.com.do\/index.php?rest_route=\/wp\/v2\/posts\/91976\/revisions"}],"predecessor-version":[{"id":91978,"href":"https:\/\/ahoramasrd.com.do\/index.php?rest_route=\/wp\/v2\/posts\/91976\/revisions\/91978"}],"wp:featuredmedia":[{"embeddable":true,"href":"https:\/\/ahoramasrd.com.do\/index.php?rest_route=\/wp\/v2\/media\/91977"}],"wp:attachment":[{"href":"https:\/\/ahoramasrd.com.do\/index.php?rest_route=%2Fwp%2Fv2%2Fmedia&parent=91976"}],"wp:term":[{"taxonomy":"category","embeddable":true,"href":"https:\/\/ahoramasrd.com.do\/index.php?rest_route=%2Fwp%2Fv2%2Fcategories&post=91976"},{"taxonomy":"post_tag","embeddable":true,"href":"https:\/\/ahoramasrd.com.do\/index.php?rest_route=%2Fwp%2Fv2%2Ftags&post=91976"}],"curies":[{"name":"wp","href":"https:\/\/api.w.org\/{rel}","templated":true}]}}